{"id":859,"date":"2020-10-27T20:45:30","date_gmt":"2020-10-27T19:45:30","guid":{"rendered":"http:\/\/www.himbeergelb.ch\/?p=859"},"modified":"2025-10-20T20:09:40","modified_gmt":"2025-10-20T18:09:40","slug":"herbstliche-quittentorte","status":"publish","type":"post","link":"https:\/\/www.himbeergelb.ch\/?p=859","title":{"rendered":"Herbstliche Quittentorte"},"content":{"rendered":"\n<p>Himbeergelb wird 4! Zur Feier dieses Jubil\u00e4ums habe ich einen glutenfreien und veganen Naked Cake gebacken: mit Quittenmus im Biskuit, Quittenkonfit\u00fcre und Quittenbuttercr\u00e8me als F\u00fcllung.<\/p>\n\n\n\n<!--more-->\n\n\n\n<p>Ich mag Naked Cakes. Sie sind so herrlich unpr\u00e4tenti\u00f6s. Doch glutenfrei backen ist f\u00fcr mich immer noch eine Herausforderung. Man kann bei einem Rezept nicht einfach das Mehl austauschen und erwarten, dass es noch funktioniert. Glutenfreie Teige sind anspruchsvoller und verzeihen weniger Fehler. Oft brauchen sie mehr Fl\u00fcssigkeit als glutenhaltiges Mehl, vertragen weniger Hitze, brauchen l\u00e4nger oder k\u00fcrzer im Ofen. Und weil es bisher sehr wenige glutenfreie UND vegane UND nussfreie Rezepte gibt, muss ich immer wieder experimentieren, bis ich geschmacklich zufrieden bin. Bisher sind diese <a href=\"https:\/\/www.himbeergelb.ch\/?p=766\">Schokotorte <\/a>und dieser <a href=\"https:\/\/www.himbeergelb.ch\/?p=637\">R\u00fceblikuchen<\/a> auf dem Blog.<\/p>\n\n\n\n<p>Es gibt zwei Punkte, weshalb ich nicht schon h\u00e4ufiger glutenfrei gebacken habe. Erstens: unser Allergiker mag grunds\u00e4tzlich keinen Kuchen. Zweitens: glutenfreie Mehle sind oft sehr teuer. Und so lange unser Allergiker sowieso keinen Kuchen isst, macht es eigentlich wenig Sinn, die teuren Mehle zu kaufen. Dennoch m\u00f6chte ich es m\u00f6glich machen, dass auch unser multipler Nahrungsmittelallergiker von der Torte essen d\u00fcrfte, wenn er denn wollte.<\/p>\n\n\n\n<p>Es ist immer wichtig, qualitativ hochwertige Zutaten zu verwenden, die man wirklich mag. Einen Pflanzendrink zu verwenden, den man nicht pur trinken mag, schmeckt einem auch nicht in einer Buttercr\u00e8me. Ich habe <a href=\"https:\/\/www.himbeergelb.ch\/?p=391\">dieses Rezept<\/a> verwendet und am Schluss 3-4 EL Quittenkonfit\u00fcre untergemischt.<\/p>\n\n\n\n<p>Ganz grunds\u00e4tzlich sind Rezepte immer Geschmacksache. Bei Buttercr\u00e8me scheiden sich die Geister. Und Geschmack ist ganz oft auch Gew\u00f6hnungssache. Das Umsteigen von richtiger Butter, Kuhmilch oder Weizenmehl auf eine vegane und glutenfreie Alternative bedarf etwas Gew\u00f6hnung. Mittlerweile sind mir die meisten gekauften Torten viel zu s\u00fcss und schmecken mir lange nicht so gut, wie ich sie in Erinnerung hatte. Falls ihr auch ein tolles, allergikerfreundliches Rezept habt, freue ich mich sehr, wenn ihr es mit mir teilt!<\/p>\n\n\n\n<div style=\"height:30px\" aria-hidden=\"true\" class=\"wp-block-spacer\"><\/div>\n\n\n\n<p>F\u00fcr die Quittentorte braucht ihr einen Biskuit, eine Buttercr\u00e8me und Quittenkonfit\u00fcre sowie Deko nach Wunsch. So bin ich vorgegangen:<\/p>\n\n\n\n<div style=\"height:30px\" aria-hidden=\"true\" class=\"wp-block-spacer\"><\/div>\n\n\n\n<p><strong>Biskuit (glutenfrei, vegan)<\/strong><\/p>\n\n\n\n<p><strong>Zutaten <\/strong>(f\u00fcr eine Form von 18 cm Durchmesser)<\/p>\n\n\n\n<p><span style=\"background-color:rgba(0, 0, 0, 0)\" class=\"has-inline-color has-vivid-red-color\">(f\u00fcr die Torte im Bild habe ich diese Menge 2x gebacken!)<\/span><\/p>\n\n\n\n<p><em>250 g glutenfreies Mehl:<\/em><\/p>\n\n\n\n<p>100 g Hafermehl (glutenfrei)<\/p>\n\n\n\n<p>50 g Reismehl<\/p>\n\n\n\n<p>50 g Maismehl<\/p>\n\n\n\n<p>30 g Tapioka-Maranta-St\u00e4rke (oder einfach Tapiokast\u00e4rke)<\/p>\n\n\n\n<p>20 g Maisst\u00e4rke<\/p>\n\n\n\n<div style=\"height:20px\" aria-hidden=\"true\" class=\"wp-block-spacer\"><\/div>\n\n\n\n<p>130 g Zucker<\/p>\n\n\n\n<p>1\/2 Pk Backpulver<\/p>\n\n\n\n<p>1 Prise Salz <\/p>\n\n\n\n<p>(1 Msp. gem. Vanille)<\/p>\n\n\n\n<p>Abrieb von 1 Bio-Zitrone (oder Orange)<\/p>\n\n\n\n<p>180 g Quittenmus (alternativ Apfelmus)<\/p>\n\n\n\n<p>1 EL \u00d6l<\/p>\n\n\n\n<p>130 g Wasser<\/p>\n\n\n\n<div style=\"height:30px\" aria-hidden=\"true\" class=\"wp-block-spacer\"><\/div>\n\n\n\n<p><strong>Zubereitung<\/strong><\/p>\n\n\n\n<ol>\n<li>Ofen auf 180\u00b0C Ober-\/Unterhitze vorheizen.<\/li>\n\n\n\n<li>Zuerst die trockenen Zutaten mischen.<\/li>\n\n\n\n<li>Das Apfelmus, das \u00d6l und das Wasser dazugeben. Gut mischen und in die vorbereitete Backform geben.<\/li>\n\n\n\n<li>In der Ofenmitte ca. 35-40 Minuten backen.<\/li>\n\n\n\n<li>Herausnehmen und nach 15 Minuten die Backform entfernen. Ganz ausk\u00fchlen lassen.<\/li>\n\n\n\n<li>Abgek\u00fchlte B\u00f6den oben etwas begradigen, man muss nicht viel wegschneiden. Dann den Kuchen vorsichtig einmal horizontal durchschneiden.<\/li>\n<\/ol>\n\n\n\n<div style=\"height:30px\" aria-hidden=\"true\" class=\"wp-block-spacer\"><\/div>\n\n\n\n<p><strong>Buttercr\u00e8me:<\/strong> <em><a href=\"https:\/\/www.himbeergelb.ch\/?p=391\">zum Rezept<\/a><\/em><\/p>\n\n\n\n<ul>\n<li>3-4 EL Quittenkonfit\u00fcre am Schluss untermischen<\/li>\n<\/ul>\n\n\n\n<p>Wenn ihr den Biskuitboden nur 1x backt, braucht ihr nur die H\u00e4lfte der Buttercr\u00e8me.<\/p>\n\n\n\n<div style=\"height:30px\" aria-hidden=\"true\" class=\"wp-block-spacer\"><\/div>\n\n\n\n<p><strong>Zudem braucht ihr:<\/strong><\/p>\n\n\n\n<p>Ca. 400 g Quittenkonfit\u00fcre (oder Gel\u00e9e) <\/p>\n\n\n\n<p>einige Rosmarinzweige (oder anderes Gr\u00fcn, das sich mit Nahrungsmitteln vertr\u00e4gt) und<\/p>\n\n\n\n<p>Schleich-Tiere f\u00fcr die Dekoration.<\/p>\n\n\n\n<div style=\"height:30px\" aria-hidden=\"true\" class=\"wp-block-spacer\"><\/div>\n\n\n\n<p><strong>Torte fertig stellen:<\/strong><\/p>\n\n\n\n<ol>\n<li>Ich habe einen d\u00fcnnen Tortenboden aus Karton zugeschnitten und mit wenig Buttercr\u00e8me den untersten Biskuit darauf gelegt. Wenn ihr einen Tortenring habt, k\u00f6nnt ihr den jetzt um den Biskuitboden legen, so k\u00f6nnt ihr die Torte gleichm\u00e4ssiger schichten.<\/li>\n\n\n\n<li>Grossz\u00fcgig Quittenkonfit\u00fcre auf dem Biskuit verteilen.<\/li>\n\n\n\n<li>Dann kommt eine Schicht Buttercr\u00e8me darauf. Das Einf\u00fcllen klappt besonders gut mit einem Spritzbeutel (ohne T\u00fclle).<\/li>\n\n\n\n<li>Dann wieder ein Biskuitboden, Konfit\u00fcre, Buttercr\u00e8me usw. bis alle B\u00f6den verarbeitet sind. Die oberen Kuchenteile drehe ich um, damit die flache Fl\u00e4che oben ist. Mit der Buttercr\u00e8me kann man die Unebenheiten gut kaschieren. Als obersten Biskuit den umgedrehten Boden verwenden, damit die Torte oben sch\u00f6n gerade ist.<\/li>\n\n\n\n<li>Die Torte mit dem Tortenring im K\u00fchlschrank gut durchk\u00fchlen lassen.<\/li>\n\n\n\n<li>Tortenring entfernen. Bei Bedarf den Rand noch mit etwas Buttercr\u00e8me ausbessern und die Torte dekorieren.<\/li>\n<\/ol>\n\n\n\n<div style=\"height:37px\" aria-hidden=\"true\" class=\"wp-block-spacer\"><\/div>\n\n\n\n<figure class=\"wp-block-image size-large\"><img loading=\"lazy\" decoding=\"async\" width=\"1000\" height=\"666\" src=\"https:\/\/www.himbeergelb.ch\/wp-content\/uploads\/2020\/10\/DSC02350b-1.jpg\" alt=\"\" class=\"wp-image-866\" srcset=\"https:\/\/www.himbeergelb.ch\/wp-content\/uploads\/2020\/10\/DSC02350b-1.jpg 1000w, https:\/\/www.himbeergelb.ch\/wp-content\/uploads\/2020\/10\/DSC02350b-1-600x400.jpg 600w, https:\/\/www.himbeergelb.ch\/wp-content\/uploads\/2020\/10\/DSC02350b-1-300x200.jpg 300w, https:\/\/www.himbeergelb.ch\/wp-content\/uploads\/2020\/10\/DSC02350b-1-768x511.jpg 768w\" sizes=\"(max-width: 1000px) 100vw, 1000px\" \/><\/figure>\n\n\n\n<figure class=\"wp-block-image size-large\"><img loading=\"lazy\" decoding=\"async\" width=\"666\" height=\"1000\" src=\"http:\/\/www.himbeergelb.ch\/wp-content\/uploads\/2020\/10\/DSC02377b.jpg\" alt=\"\" class=\"wp-image-864\" srcset=\"https:\/\/www.himbeergelb.ch\/wp-content\/uploads\/2020\/10\/DSC02377b.jpg 666w, https:\/\/www.himbeergelb.ch\/wp-content\/uploads\/2020\/10\/DSC02377b-600x901.jpg 600w, https:\/\/www.himbeergelb.ch\/wp-content\/uploads\/2020\/10\/DSC02377b-200x300.jpg 200w, https:\/\/www.himbeergelb.ch\/wp-content\/uploads\/2020\/10\/DSC02377b-400x600.jpg 400w\" sizes=\"(max-width: 666px) 100vw, 666px\" \/><\/figure>\n\n\n\n<figure class=\"wp-block-image size-large\"><img loading=\"lazy\" decoding=\"async\" width=\"666\" height=\"1000\" src=\"https:\/\/www.himbeergelb.ch\/wp-content\/uploads\/2020\/10\/DSC02372b.jpg\" alt=\"\" class=\"wp-image-865\" srcset=\"https:\/\/www.himbeergelb.ch\/wp-content\/uploads\/2020\/10\/DSC02372b.jpg 666w, https:\/\/www.himbeergelb.ch\/wp-content\/uploads\/2020\/10\/DSC02372b-600x901.jpg 600w, https:\/\/www.himbeergelb.ch\/wp-content\/uploads\/2020\/10\/DSC02372b-200x300.jpg 200w, https:\/\/www.himbeergelb.ch\/wp-content\/uploads\/2020\/10\/DSC02372b-400x600.jpg 400w\" sizes=\"(max-width: 666px) 100vw, 666px\" \/><\/figure>\n","protected":false},"excerpt":{"rendered":"<p>Himbeergelb wird 4! Zur Feier dieses Jubil\u00e4ums habe ich einen glutenfreien und veganen Naked Cake gebacken: mit Quittenmus im Biskuit, Quittenkonfit\u00fcre und Quittenbuttercr\u00e8me als F\u00fcllung.<\/p>\n","protected":false},"author":1,"featured_media":862,"comment_status":"open","ping_status":"open","sticky":false,"template":"","format":"standard","meta":{"_monsterinsights_skip_tracking":false,"_monsterinsights_sitenote_active":false,"_monsterinsights_sitenote_note":"","_monsterinsights_sitenote_category":0,"footnotes":""},"categories":[30,4,20],"tags":[21,31,22],"_links":{"self":[{"href":"https:\/\/www.himbeergelb.ch\/index.php?rest_route=\/wp\/v2\/posts\/859"}],"collection":[{"href":"https:\/\/www.himbeergelb.ch\/index.php?rest_route=\/wp\/v2\/posts"}],"about":[{"href":"https:\/\/www.himbeergelb.ch\/index.php?rest_route=\/wp\/v2\/types\/post"}],"author":[{"embeddable":true,"href":"https:\/\/www.himbeergelb.ch\/index.php?rest_route=\/wp\/v2\/users\/1"}],"replies":[{"embeddable":true,"href":"https:\/\/www.himbeergelb.ch\/index.php?rest_route=%2Fwp%2Fv2%2Fcomments&post=859"}],"version-history":[{"count":10,"href":"https:\/\/www.himbeergelb.ch\/index.php?rest_route=\/wp\/v2\/posts\/859\/revisions"}],"predecessor-version":[{"id":1749,"href":"https:\/\/www.himbeergelb.ch\/index.php?rest_route=\/wp\/v2\/posts\/859\/revisions\/1749"}],"wp:featuredmedia":[{"embeddable":true,"href":"https:\/\/www.himbeergelb.ch\/index.php?rest_route=\/wp\/v2\/media\/862"}],"wp:attachment":[{"href":"https:\/\/www.himbeergelb.ch\/index.php?rest_route=%2Fwp%2Fv2%2Fmedia&parent=859"}],"wp:term":[{"taxonomy":"category","embeddable":true,"href":"https:\/\/www.himbeergelb.ch\/index.php?rest_route=%2Fwp%2Fv2%2Fcategories&post=859"},{"taxonomy":"post_tag","embeddable":true,"href":"https:\/\/www.himbeergelb.ch\/index.php?rest_route=%2Fwp%2Fv2%2Ftags&post=859"}],"curies":[{"name":"wp","href":"https:\/\/api.w.org\/{rel}","templated":true}]}}