{"id":839,"date":"2020-09-23T14:44:02","date_gmt":"2020-09-23T12:44:02","guid":{"rendered":"http:\/\/www.himbeergelb.ch\/?p=839"},"modified":"2025-10-27T19:22:34","modified_gmt":"2025-10-27T18:22:34","slug":"magenbrot-glutenfrei","status":"publish","type":"post","link":"https:\/\/www.himbeergelb.ch\/?p=839","title":{"rendered":"Magenbrot (glutenfrei)"},"content":{"rendered":"\n<p>Bunte Bl\u00e4tter, k\u00fchler Wind, heisse Marroni und &#8211; Magenbrot!<\/p>\n\n\n\n<p>\u00dcber dieses Rezept freue ich mich besonders, denn es ist vegan und glutenfrei und es schmeckt wirklich hervorragend!<\/p>\n\n\n\n<!--more-->\n\n\n\n<p>Aber ja, es hat eine ganze Menge Zucker drin. Zucker ist beim Magenbrot Geschmackstr\u00e4ger und ist nat\u00fcrlich auch f\u00fcr die Konsistenz mitverantwortlich. Deswegen lieber ein genussvoller Moment mit ein, zwei St\u00fcckchen als zu viele Kompromisse.<\/p>\n\n\n\n<p>Glutenfreie Mehlmischungen gehen bei uns meistens nicht (oft hat es Guarkernmehl oder Flohsamenschalen mit drin). Deswegen habe ich frei Mehle zusammengemischt, die ich zuhause hatte und dann ein paar Mal getestet und angepasst. Ihr k\u00f6nnt nat\u00fcrlich auch eine fertige glutenfreie Mehlmischung verwenden, wenn ihr eine habt, die ihr vertr\u00e4gt und m\u00f6gt. Je nachdem braucht ihr dann aber mehr oder weniger Wasser. <\/p>\n\n\n\n<p>Ich mag diese hier verwendete Mehlmischung sehr und kann sie unbedingt weiterempfehlen. Ihr bekommt die speziellen Mehle in Reformh\u00e4usern, Drogerien oder Biol\u00e4den. Ihr k\u00f6nnt damit auch feine Guetzli backen, z.B. diese <a href=\"https:\/\/www.himbeergelb.ch\/?p=350\">hier <\/a>oder <a href=\"https:\/\/www.himbeergelb.ch\/?p=821\">hier<\/a>.<\/p>\n\n\n\n<p>Am besten l\u00e4sst ihr den Lebkuchen erst ganz abk\u00fchlen, bevor ihr ihn st\u00fcckchenweise in die Zuckerglasur taucht, sonst saugt er sich zu voll. Und dann brauchts noch etwas Geduld bis das Magenbrot getrocknet ist. Aber es lohnt sich &#8211; Magenbrot schmeckt n\u00e4mlich am zweiten Tag sogar noch besser als ganz frisch.<\/p>\n\n\n\n<div style=\"height:20px\" aria-hidden=\"true\" class=\"wp-block-spacer\"><\/div>\n\n\n\n<p><strong>Zutaten<\/strong><\/p>\n\n\n\n<p><em>250 g glutenfreie Mehlmischung:<\/em><\/p>\n\n\n\n<p>100 g Hafermehl<\/p>\n\n\n\n<p>40 g Teffmehl<\/p>\n\n\n\n<p>30 g Reismehl<\/p>\n\n\n\n<p>30 g Buchweizenmehl<\/p>\n\n\n\n<p>30 g Maisst\u00e4rke<\/p>\n\n\n\n<p>20 g Tapiokast\u00e4rke (oder Maranta-Tapioka)<\/p>\n\n\n\n<div style=\"height:20px\" aria-hidden=\"true\" class=\"wp-block-spacer\"><\/div>\n\n\n\n<p>140 g Zucker<\/p>\n\n\n\n<p>20 g Kakaopulver<\/p>\n\n\n\n<p>2 TL gemahlener Zimt<\/p>\n\n\n\n<p>1 Msp. Nelkenpulver<\/p>\n\n\n\n<p>1 Msp. Kardamom<\/p>\n\n\n\n<p>8 g Weinstein-Backpulver<\/p>\n\n\n\n<p>220 g Wasser<\/p>\n\n\n\n<div style=\"height:39px\" aria-hidden=\"true\" class=\"wp-block-spacer\"><\/div>\n\n\n\n<p><em>Guss:<\/em><\/p>\n\n\n\n<p>120 g Zartbitterkuvert\u00fcre<\/p>\n\n\n\n<p>250 g Puderzucker<\/p>\n\n\n\n<p>100 g Wasser<\/p>\n\n\n\n<p>1 TL gemahlener Zimt<\/p>\n\n\n\n<p>1 Prise Nelkenpulver<\/p>\n\n\n\n<p>1 Prise Kardamom<\/p>\n\n\n\n<div style=\"height:20px\" aria-hidden=\"true\" class=\"wp-block-spacer\"><\/div>\n\n\n\n<p><strong>Zubereitung<\/strong><\/p>\n\n\n\n<ol>\n<li>Backofen auf 180\u00b0C (Ober-\/Unterhitze) vorheizen.&nbsp;<\/li>\n\n\n\n<li>Mehle mit dem Zucker, dem Kakao, den Gew\u00fcrzen und dem Backpulver mischen. Das Wasser dazugeben und zu einem glatten Teig verr\u00fchren.<\/li>\n\n\n\n<li>Masse in ein Brownie-Backblech geben (18 x 25 cm, ev. vorher mit Backpapier auskleiden).<\/li>\n\n\n\n<li>In der Ofenmitte ca. 25-30 Minuten backen. Ausk\u00fchlen lassen.<\/li>\n\n\n\n<li>F\u00fcr den Guss alle Zutaten in eine Pfanne geben und vorsichtig unter R\u00fchren erw\u00e4rmen.<\/li>\n\n\n\n<li>Das Magenbrot in St\u00fccke schneiden und im warmen Guss tunken, bis es von allen seiten mit Guss \u00fcberzogen ist. Am besten geht das mit zwei Gabeln. Danach auf einem Kuchengitter trocknen lassen.<\/li>\n<\/ol>\n","protected":false},"excerpt":{"rendered":"<p>Bunte Bl\u00e4tter, k\u00fchler Wind, heisse Marroni und &#8211; Magenbrot! \u00dcber dieses Rezept freue ich mich besonders, denn es ist vegan und glutenfrei und es schmeckt wirklich hervorragend!<\/p>\n","protected":false},"author":1,"featured_media":841,"comment_status":"open","ping_status":"open","sticky":false,"template":"","format":"standard","meta":{"_monsterinsights_skip_tracking":false,"_monsterinsights_sitenote_active":false,"_monsterinsights_sitenote_note":"","_monsterinsights_sitenote_category":0,"footnotes":""},"categories":[4,20],"tags":[21,31,22],"_links":{"self":[{"href":"https:\/\/www.himbeergelb.ch\/index.php?rest_route=\/wp\/v2\/posts\/839"}],"collection":[{"href":"https:\/\/www.himbeergelb.ch\/index.php?rest_route=\/wp\/v2\/posts"}],"about":[{"href":"https:\/\/www.himbeergelb.ch\/index.php?rest_route=\/wp\/v2\/types\/post"}],"author":[{"embeddable":true,"href":"https:\/\/www.himbeergelb.ch\/index.php?rest_route=\/wp\/v2\/users\/1"}],"replies":[{"embeddable":true,"href":"https:\/\/www.himbeergelb.ch\/index.php?rest_route=%2Fwp%2Fv2%2Fcomments&post=839"}],"version-history":[{"count":6,"href":"https:\/\/www.himbeergelb.ch\/index.php?rest_route=\/wp\/v2\/posts\/839\/revisions"}],"predecessor-version":[{"id":1752,"href":"https:\/\/www.himbeergelb.ch\/index.php?rest_route=\/wp\/v2\/posts\/839\/revisions\/1752"}],"wp:featuredmedia":[{"embeddable":true,"href":"https:\/\/www.himbeergelb.ch\/index.php?rest_route=\/wp\/v2\/media\/841"}],"wp:attachment":[{"href":"https:\/\/www.himbeergelb.ch\/index.php?rest_route=%2Fwp%2Fv2%2Fmedia&parent=839"}],"wp:term":[{"taxonomy":"category","embeddable":true,"href":"https:\/\/www.himbeergelb.ch\/index.php?rest_route=%2Fwp%2Fv2%2Fcategories&post=839"},{"taxonomy":"post_tag","embeddable":true,"href":"https:\/\/www.himbeergelb.ch\/index.php?rest_route=%2Fwp%2Fv2%2Ftags&post=839"}],"curies":[{"name":"wp","href":"https:\/\/api.w.org\/{rel}","templated":true}]}}