{"id":637,"date":"2022-03-22T14:07:00","date_gmt":"2022-03-22T13:07:00","guid":{"rendered":"http:\/\/www.himbeergelb.ch\/?p=637"},"modified":"2024-04-02T17:59:06","modified_gmt":"2024-04-02T15:59:06","slug":"rueeblikuchen","status":"publish","type":"post","link":"https:\/\/www.himbeergelb.ch\/?p=637","title":{"rendered":"Karottenkuchen"},"content":{"rendered":"\n<p>Saftig, frisch und nicht zu s\u00fcss &#8211; ein superleckerer Karottenkuchen, der nicht nur vegan, sondern auch glutenfrei ist. Der R\u00fceblikuchen passt nicht nur in Hasenform perfekt zu Ostern!<\/p>\n\n\n\n<!--more-->\n\n\n\n<p>Anstelle von gemahlenen N\u00fcssen oder Mandeln verwende ich Erdmandelmehl.  Erdmandeln heissen zwar so, haben mit Mandeln aber kaum etwas gemeinsam. Lediglich der Geschmack des Sauergrasgew\u00e4chses erinnert daran. Erdmandeln zeichnen sich durch einen hohen Ballaststoffanteil und leicht verdauliches, pflanzliches Protein aus, sowie zahlreiche Mineralstoffe. Erdmandeln sind allgemein f\u00fcr Allergiker gut vertr\u00e4glich. Zusammen mit R\u00fcebli und Apfel ein schon fast gesunder Kuchen! \ud83d\ude09<\/p>\n\n\n\n<div style=\"height:23px\" aria-hidden=\"true\" class=\"wp-block-spacer\"><\/div>\n\n\n\n<p><strong>Zutaten <\/strong>(f\u00fcr eine kleine Backform, ca. 16 cm Durchmesser)<br><\/p>\n\n\n\n<p>120 g fein gemahlene Erdmandeln bzw. Erdmandelmehl (auch sehr fein: 60 g Erdmandelmehl und 60 g Hafermehl)<\/p>\n\n\n\n<p>100 g Rohrohrzucker<\/p>\n\n\n\n<p>50 g Maismehl<\/p>\n\n\n\n<p>50 g Maisst\u00e4rke<\/p>\n\n\n\n<p>140 g fein geriebene R\u00fcebli<\/p>\n\n\n\n<p>1 fein geriebener Apfel (oder 1-2 EL Apfelmus)<\/p>\n\n\n\n<p>2 TL Weinstein-Backpulver (9 g)<\/p>\n\n\n\n<p>1 TL Natron<\/p>\n\n\n\n<p>1 Prise Salz<\/p>\n\n\n\n<p>1 Bio Zitrone, Schale und Saft<\/p>\n\n\n\n<p>4 EL Sonnenblumen\u00f6l<\/p>\n\n\n\n<p>0.5-1 dl Apfelsaft<br><\/p>\n\n\n\n<p><em>F\u00fcr die Dekoration<\/em><\/p>\n\n\n\n<p>150 g Puderzucker<\/p>\n\n\n\n<p>2-3 EL Zitronensaft oder Wasser<\/p>\n\n\n\n<p>R\u00fcebli aus Rollfondant\/Zuckermasse, alternativ: Zuckerdekor ohne entsprechende Allergene<\/p>\n\n\n\n<div style=\"height:25px\" aria-hidden=\"true\" class=\"wp-block-spacer\"><\/div>\n\n\n\n<p><\/p>\n\n\n\n<p><strong>Zubereitung<\/strong><br><\/p>\n\n\n\n<ol><li>Backofen auf 180\u00b0C vorheizen.<\/li><li>R\u00fcebli sch\u00e4len und fein reiben, den Apfel ebenso.<\/li><li>Zuerst alle trockenen Zutaten inkl. Zitronenschale mischen. Dann die geriebenen R\u00fcebli, den Apfel, den Zitronensaft, das \u00d6l und den Apfelsaft dazugeben und alles gut verr\u00fchren. Je nachdem wieviel Saft der Apfel und die Zitrone bereits mitbringen, braucht es mehr oder weniger Apfelsaft.<\/li><li>In eine gefettete\/ausgekleidete Backform geben und in der unteren H\u00e4lfte des Backofens 40-50 Minuten backen.<\/li><li>Herausnehmen, kurz abk\u00fchlen lassen, dann die Backform entfernen. Gut ausk\u00fchlen lassen. Danach den Guss aus Puderzucker und Zitronensaft auf die Torte fliessen lassen und wunschgem\u00e4ss dekorieren.<\/li><\/ol>\n\n\n\n<div style=\"height:41px\" aria-hidden=\"true\" class=\"wp-block-spacer\"><\/div>\n\n\n\n<p><em>Originalrezept vom April 2019.<\/em> <em>\u00dcberarbeitet im M\u00e4rz 2022.<\/em><\/p>\n\n\n\n<p><br><\/p>\n","protected":false},"excerpt":{"rendered":"<p>Saftig, frisch und nicht zu s\u00fcss &#8211; ein superleckerer Karottenkuchen, der nicht nur vegan, sondern auch glutenfrei ist. Der R\u00fceblikuchen passt nicht nur in Hasenform perfekt zu Ostern!<\/p>\n","protected":false},"author":1,"featured_media":639,"comment_status":"open","ping_status":"open","sticky":false,"template":"","format":"standard","meta":{"_monsterinsights_skip_tracking":false,"_monsterinsights_sitenote_active":false,"_monsterinsights_sitenote_note":"","_monsterinsights_sitenote_category":0,"footnotes":""},"categories":[30,4,20],"tags":[21,80,45,22],"_links":{"self":[{"href":"https:\/\/www.himbeergelb.ch\/index.php?rest_route=\/wp\/v2\/posts\/637"}],"collection":[{"href":"https:\/\/www.himbeergelb.ch\/index.php?rest_route=\/wp\/v2\/posts"}],"about":[{"href":"https:\/\/www.himbeergelb.ch\/index.php?rest_route=\/wp\/v2\/types\/post"}],"author":[{"embeddable":true,"href":"https:\/\/www.himbeergelb.ch\/index.php?rest_route=\/wp\/v2\/users\/1"}],"replies":[{"embeddable":true,"href":"https:\/\/www.himbeergelb.ch\/index.php?rest_route=%2Fwp%2Fv2%2Fcomments&post=637"}],"version-history":[{"count":15,"href":"https:\/\/www.himbeergelb.ch\/index.php?rest_route=\/wp\/v2\/posts\/637\/revisions"}],"predecessor-version":[{"id":1349,"href":"https:\/\/www.himbeergelb.ch\/index.php?rest_route=\/wp\/v2\/posts\/637\/revisions\/1349"}],"wp:featuredmedia":[{"embeddable":true,"href":"https:\/\/www.himbeergelb.ch\/index.php?rest_route=\/wp\/v2\/media\/639"}],"wp:attachment":[{"href":"https:\/\/www.himbeergelb.ch\/index.php?rest_route=%2Fwp%2Fv2%2Fmedia&parent=637"}],"wp:term":[{"taxonomy":"category","embeddable":true,"href":"https:\/\/www.himbeergelb.ch\/index.php?rest_route=%2Fwp%2Fv2%2Fcategories&post=637"},{"taxonomy":"post_tag","embeddable":true,"href":"https:\/\/www.himbeergelb.ch\/index.php?rest_route=%2Fwp%2Fv2%2Ftags&post=637"}],"curies":[{"name":"wp","href":"https:\/\/api.w.org\/{rel}","templated":true}]}}