{"id":573,"date":"2019-01-13T18:13:47","date_gmt":"2019-01-13T17:13:47","guid":{"rendered":"http:\/\/www.himbeergelb.ch\/?p=573"},"modified":"2020-11-25T15:47:25","modified_gmt":"2020-11-25T14:47:25","slug":"emmervollkornbrot","status":"publish","type":"post","link":"https:\/\/www.himbeergelb.ch\/?p=573","title":{"rendered":"Emmervollkornbrot"},"content":{"rendered":"\n<p>M\u00fcsste ich spontan mein liebstes Getreide nennen, w\u00e4re das Emmer (nebst Hafer). Emmer schmeckt einfach wunderbar sanft und leicht nussig.<\/p>\n\n\n\n<!--more-->\n\n\n\n<p>Emmer (auch Zweikorn) geh\u00f6rt zusammen mit Einkorn zu den \u00e4ltesten kultivierten Getreidearten und enth\u00e4lt viele Mineralstoffe und weniger Gluten als der heutige Weizen. Durch den geringeren Glutengehalt ist Emmer aber auch etwas schwieriger zu verarbeiten, er l\u00e4sst sich nicht so gut formen, weshalb in den meisten Emmerbrot-Rezepten eine Kastenform verwendet wird. Emmer ist zudem eher schwierig zu bekommen. Verschiedene M\u00fchlen haben ihn im Sortiment, man muss aber etwas suchen. Ich habe hier die Emmerk\u00f6rner von biofarm (aus Schweizer Bio-Anbau) verwendet, die ich in der Drogerie entdeckt habe und sie mir fein mahlen lassen. Vollkornmehl besitzt einen h\u00f6heren Fettanteil, was das Mehl bei l\u00e4ngerer Lagerung ranzig werden l\u00e4sst. Also je frischer desto besser.<\/p>\n\n\n\n<p>\u00dcbrigens: Hier in Winterthur ist Emmerbrot u.a. am Wochenmarkt am Stand von Ernst Bertschi oder im L\u2019Ultimo Bacio (Obertor) erh\u00e4ltlich.<br><\/p>\n\n\n\n<p>Selber machen lohnt sich aber allemal. Ich verwende bei diesem Rezept nur wenig Hefe und lasse den Teig daf\u00fcr rund 6 Stunden reifen. Man k\u00f6nnte sicher die Hefe noch weiter reduzieren und den Teig noch l\u00e4nger reifen lassen. F\u00fcr mich sind aber diese 6 Stunden ideal.<br><br><\/p>\n\n\n\n<p><strong>Zutaten<\/strong><br>500 g Emmervollkornmehl<br>320 g Wasser (Zimmertemperatur) <br>5 g Frischhefe<br>12 g Salz<br>15 g Oliven\u00f6l<br><br><\/p>\n\n\n\n<p><strong>Zubereitung<\/strong><br><\/p>\n\n\n\n<ol><li>Hefe im Wasser aufl\u00f6sen.<\/li><li>Alle Zutaten mischen.<\/li><li>Ca. 6 Stunden zugedeckt gehen lassen. Bei eher warmer Raumtemperatur braucht der Teig weniger lang, ist es eher k\u00fchl, kann es l\u00e4nger dauern.<\/li><li>Teig zu einem Brot formen und am besten in einem gut bemehlten G\u00e4rkorb nochmals zugedeckt etwa 45 Minuten bis eine Stunde gehen lassen. Es geht auch in einer mit einem gut bemehlten Tuch ausgelegte Sch\u00fcssel.<\/li><li>Ofen auf 250\u00b0C vorheizen (Ober-\/Unterhitze).<\/li><li>Brotteig auf ein mit Backpapier belegtes Blech st\u00fcrzen und sofort in die Mitte des Ofens schieben. Hitze auf 230\u00b0C reduzieren. Wenn m\u00f6glich kurz bedampfen. Ich mach das ganz profan mit einem Zerst\u00e4uber.<\/li><li>30-40 Minuten backen. Auf einem Gitterrost abk\u00fchlen lassen und geniessen!<\/li><\/ol>\n\n\n\n<p><\/p>\n","protected":false},"excerpt":{"rendered":"<p>M\u00fcsste ich spontan mein liebstes Getreide nennen, w\u00e4re das Emmer (nebst Hafer). Emmer schmeckt einfach wunderbar sanft und leicht nussig.<\/p>\n","protected":false},"author":1,"featured_media":574,"comment_status":"open","ping_status":"open","sticky":false,"template":"","format":"standard","meta":{"_monsterinsights_skip_tracking":false,"_monsterinsights_sitenote_active":false,"_monsterinsights_sitenote_note":"","_monsterinsights_sitenote_category":0,"footnotes":""},"categories":[30,29,4],"tags":[22],"_links":{"self":[{"href":"https:\/\/www.himbeergelb.ch\/index.php?rest_route=\/wp\/v2\/posts\/573"}],"collection":[{"href":"https:\/\/www.himbeergelb.ch\/index.php?rest_route=\/wp\/v2\/posts"}],"about":[{"href":"https:\/\/www.himbeergelb.ch\/index.php?rest_route=\/wp\/v2\/types\/post"}],"author":[{"embeddable":true,"href":"https:\/\/www.himbeergelb.ch\/index.php?rest_route=\/wp\/v2\/users\/1"}],"replies":[{"embeddable":true,"href":"https:\/\/www.himbeergelb.ch\/index.php?rest_route=%2Fwp%2Fv2%2Fcomments&post=573"}],"version-history":[{"count":13,"href":"https:\/\/www.himbeergelb.ch\/index.php?rest_route=\/wp\/v2\/posts\/573\/revisions"}],"predecessor-version":[{"id":592,"href":"https:\/\/www.himbeergelb.ch\/index.php?rest_route=\/wp\/v2\/posts\/573\/revisions\/592"}],"wp:featuredmedia":[{"embeddable":true,"href":"https:\/\/www.himbeergelb.ch\/index.php?rest_route=\/wp\/v2\/media\/574"}],"wp:attachment":[{"href":"https:\/\/www.himbeergelb.ch\/index.php?rest_route=%2Fwp%2Fv2%2Fmedia&parent=573"}],"wp:term":[{"taxonomy":"category","embeddable":true,"href":"https:\/\/www.himbeergelb.ch\/index.php?rest_route=%2Fwp%2Fv2%2Fcategories&post=573"},{"taxonomy":"post_tag","embeddable":true,"href":"https:\/\/www.himbeergelb.ch\/index.php?rest_route=%2Fwp%2Fv2%2Ftags&post=573"}],"curies":[{"name":"wp","href":"https:\/\/api.w.org\/{rel}","templated":true}]}}