{"id":543,"date":"2018-10-26T17:32:22","date_gmt":"2018-10-26T15:32:22","guid":{"rendered":"http:\/\/www.himbeergelb.ch\/?p=543"},"modified":"2020-11-25T15:47:54","modified_gmt":"2020-11-25T14:47:54","slug":"auszeichnung-fuer-himbeergelb","status":"publish","type":"post","link":"https:\/\/www.himbeergelb.ch\/?p=543","title":{"rendered":"Auszeichnung f\u00fcr Himbeergelb!"},"content":{"rendered":"<p><span style=\"font-weight: 400;\">Ich freue mich riesig zu verk\u00fcnden, dass <\/span><i><span style=\"font-weight: 400;\">\u201cHimbeergelb\u201d<\/span><\/i><span style=\"font-weight: 400;\"> mit dem <\/span><b>aha!award 2018 <\/b><span style=\"font-weight: 400;\">ausgezeichnet wurde! Gestern (am 25. Oktober 2018) war in Bern die feierliche Preisverleihung, wo ich meinen Blog kurz pr\u00e4sentieren durfte.<\/span><br \/>\n<span style=\"font-weight: 400;\">Der aha!award wird seit 2008 an Projekte oder Personen vergeben, die Allergiebetroffenen &nbsp;einen direkten Nutzen oder Vorteil bieten.<\/span><!--more--><\/p>\n<p><span style=\"font-weight: 400;\">Ebenfalls ausgezeichnet wurde gestern Anna-Barbara Neumann, die ein wunderbares Kinderbuch zum Thema Z\u00f6liakie geschrieben hat und das jetzt gerade im Blaukreuz-Verlag erschienen ist:<\/span><i><span style=\"font-weight: 400;\"> \u201cHenry entdeckt die Zottenw\u00fcrmchen\u201d<\/span><\/i><span style=\"font-weight: 400;\">. Auf alle F\u00e4lle eine Empfehlung wert!<\/span><\/p>\n<p><span style=\"font-weight: 400;\">Diese Auszeichnung motiviert mich nat\u00fcrlich sehr und ich hoffe, dass ich nun noch viele weitere Betroffene mit meinem Blog erreichen kann. An dieser Stelle m\u00f6chte ich aha! Allergiezentrum Schweiz nochmals sehr herzlich danken.<\/span><\/p>\n<p><span style=\"font-weight: 400;\">Ein besonderer Dank geht an meinen grossartigen Ehemann, der mich immer unterst\u00fctzt und ohne dessen technischen Support die Website himbeergelb.ch nicht so laufen w\u00fcrde, wie sie es tut. Ebenso danke ich Eveline Lochmatter ganz herzlich f\u00fcr ihre Unterst\u00fctzung beim Logo und die vielen inspirierenden Gespr\u00e4che.&nbsp;<\/span><span style=\"font-weight: 400;\">Meinen Freundinnen danke ich von Herzen daf\u00fcr, dass sie mir immer Inspiration und Motivation sind. Und nat\u00fcrlich danke ich meinen drei wunderbaren Kindern f\u00fcr die t\u00e4gliche Herausforderung, die mich so manches Mal \u00fcber mich selbst hinauswachsen l\u00e4sst.<\/span><\/p>\n<p><span style=\"font-weight: 400;\">Mehr zur Preisverleihung und die Medienmitteilung findet ihr hier:&nbsp;<a href=\"https:\/\/www.aha.ch\/allergiezentrum-schweiz\/ueber-uns\/aha-award\/2018-praemierung\/?oid=3514&amp;lang=de\"> aha!award 2018<\/a>&nbsp;&nbsp;<\/span><\/p>\n","protected":false},"excerpt":{"rendered":"<p>Ich freue mich riesig zu verk\u00fcnden, dass \u201cHimbeergelb\u201d mit dem aha!award 2018 ausgezeichnet wurde! Gestern (am 25. Oktober 2018) war in Bern die feierliche Preisverleihung, wo ich meinen Blog kurz pr\u00e4sentieren durfte. Der aha!award wird seit 2008 an Projekte oder&#8230;<\/p>\n","protected":false},"author":1,"featured_media":547,"comment_status":"open","ping_status":"open","sticky":false,"template":"","format":"standard","meta":{"_monsterinsights_skip_tracking":false,"_monsterinsights_sitenote_active":false,"_monsterinsights_sitenote_note":"","_monsterinsights_sitenote_category":0,"footnotes":""},"categories":[24],"tags":[],"_links":{"self":[{"href":"https:\/\/www.himbeergelb.ch\/index.php?rest_route=\/wp\/v2\/posts\/543"}],"collection":[{"href":"https:\/\/www.himbeergelb.ch\/index.php?rest_route=\/wp\/v2\/posts"}],"about":[{"href":"https:\/\/www.himbeergelb.ch\/index.php?rest_route=\/wp\/v2\/types\/post"}],"author":[{"embeddable":true,"href":"https:\/\/www.himbeergelb.ch\/index.php?rest_route=\/wp\/v2\/users\/1"}],"replies":[{"embeddable":true,"href":"https:\/\/www.himbeergelb.ch\/index.php?rest_route=%2Fwp%2Fv2%2Fcomments&post=543"}],"version-history":[{"count":6,"href":"https:\/\/www.himbeergelb.ch\/index.php?rest_route=\/wp\/v2\/posts\/543\/revisions"}],"predecessor-version":[{"id":906,"href":"https:\/\/www.himbeergelb.ch\/index.php?rest_route=\/wp\/v2\/posts\/543\/revisions\/906"}],"wp:featuredmedia":[{"embeddable":true,"href":"https:\/\/www.himbeergelb.ch\/index.php?rest_route=\/wp\/v2\/media\/547"}],"wp:attachment":[{"href":"https:\/\/www.himbeergelb.ch\/index.php?rest_route=%2Fwp%2Fv2%2Fmedia&parent=543"}],"wp:term":[{"taxonomy":"category","embeddable":true,"href":"https:\/\/www.himbeergelb.ch\/index.php?rest_route=%2Fwp%2Fv2%2Fcategories&post=543"},{"taxonomy":"post_tag","embeddable":true,"href":"https:\/\/www.himbeergelb.ch\/index.php?rest_route=%2Fwp%2Fv2%2Ftags&post=543"}],"curies":[{"name":"wp","href":"https:\/\/api.w.org\/{rel}","templated":true}]}}