{"id":342,"date":"2017-12-11T12:07:36","date_gmt":"2017-12-11T11:07:36","guid":{"rendered":"http:\/\/www.himbeergelb.ch\/?p=342"},"modified":"2018-01-24T11:36:05","modified_gmt":"2018-01-24T10:36:05","slug":"ein-schritt-vor-wieder-einer-zurueck","status":"publish","type":"post","link":"https:\/\/www.himbeergelb.ch\/?p=342","title":{"rendered":"Ein Schritt vor, wieder einer zur\u00fcck"},"content":{"rendered":"<p><span style=\"font-weight: 400;\">Trotz der manchmal schwierigen Umst\u00e4nde, die Nahrungsmittelallergien mit sich bringen k\u00f6nnen, sind wir optimistisch eingestellt. Denn gl\u00fccklicherweise gibt es heutzutage die M\u00f6glichkeit gut mit Allergien klarzukommen. Doch manchmal beschleicht auch mich das Gef\u00fchl, einen Schritt vorw\u00e4rts zu kommen, um sogleich wieder einen r\u00fcckw\u00e4rts zu machen. <\/span><!--more--><\/p>\n<p><span style=\"font-weight: 400;\">So durften wir vor mittlerweile knapp 2 Jahren eine <\/span><b>Desensibilisierung mit Vollei <\/b><span style=\"font-weight: 400;\">beginnen, die ganz erfolgversprechend aussah.\u00a0<\/span>Gut ein Jahr lang konnten wir die Dosis alle zwei Wochen kontinuierlich steigern. Bis pl\u00f6tzlich <b>Schluckbeschwerden <\/b>auftauchten. Offenbar besteht die M\u00f6glichkeit, dass rund 5% aller Patienten, die eine solche Desensibilisierung machen, eine allergieartige Speiser\u00f6hren-Entz\u00fcndung entwickeln (eosinophile \u00d6sophagitis, EoE). Wir haben die Therapie mit Vollei abgebrochen, doch die Beschwerden wurden nicht besser. Folge: Unser Sohn l\u00e4sst immer mehr Nahrungsmittel, die er eigentlich essen d\u00fcrfte, weg, weil es ihm beim Schlucken weh macht.<\/p>\n<p>&nbsp;<\/p>\n<p><span style=\"font-weight: 400;\">Eine Endoskopie der Speiser\u00f6hre hat den Verdacht auf <\/span><b>eosinophile \u00d6sophagitis<\/b><span style=\"font-weight: 400;\"> best\u00e4tigt. Heilbar ist dies nicht, aber behandelbar. In einem ersten Schritt werden wir S\u00e4ureblocker einsetzen, falls diese nicht das erw\u00fcnschte Ergebnis bringen, wird ein Kortisonpr\u00e4parat zum Zug kommen. Zus\u00e4tzlich wird er k\u00fcnftig nicht nur auf Milch, Ei, Soja, N\u00fcsse und Fisch verzichten, sondern auch auf Weizen. <\/span><\/p>\n<p><span style=\"font-weight: 400;\">Obwohl ich weiss, dass wir uns auch mit der neuen Situation arrangieren werden, sind solche Ver\u00e4nderungen immer von Sorgen und \u00c4ngsten begleitet. Aber schliesslich wollen wir, dass sich die Lebensqualit\u00e4t unseres noch so jungen Kindes verbessert. Und optimistisch zu bleiben ist ein Teil davon.<\/span><\/p>\n<p>&nbsp;<\/p>\n<p><span style=\"font-weight: 400;\">Weiterf\u00fchrende Links: <\/span><\/p>\n<p><span style=\"font-weight: 400;\">&#8211; <a href=\"http:\/\/dasgastroenterologieportal.de\/Eosinophile_Oesophagitis.htm\">Eosinophile \u00d6sophagitis, Kurzbeschreibung<\/a><\/span><br \/>\n<span style=\"font-weight: 400;\">&#8211; <a href=\"https:\/\/www.nzz.ch\/eosinophile_oesophagitis-1.10932033\">Eosinophile \u00d6sophagitis, Artikel NZZ<\/a><\/span><\/p>\n","protected":false},"excerpt":{"rendered":"<p>Trotz der manchmal schwierigen Umst\u00e4nde, die Nahrungsmittelallergien mit sich bringen k\u00f6nnen, sind wir optimistisch eingestellt. Denn gl\u00fccklicherweise gibt es heutzutage die M\u00f6glichkeit gut mit Allergien klarzukommen. Doch manchmal beschleicht auch mich das Gef\u00fchl, einen Schritt vorw\u00e4rts zu kommen, um sogleich&#8230;<\/p>\n","protected":false},"author":1,"featured_media":0,"comment_status":"open","ping_status":"open","sticky":false,"template":"","format":"standard","meta":{"_monsterinsights_skip_tracking":false,"_monsterinsights_sitenote_active":false,"_monsterinsights_sitenote_note":"","_monsterinsights_sitenote_category":0,"footnotes":""},"categories":[24],"tags":[],"_links":{"self":[{"href":"https:\/\/www.himbeergelb.ch\/index.php?rest_route=\/wp\/v2\/posts\/342"}],"collection":[{"href":"https:\/\/www.himbeergelb.ch\/index.php?rest_route=\/wp\/v2\/posts"}],"about":[{"href":"https:\/\/www.himbeergelb.ch\/index.php?rest_route=\/wp\/v2\/types\/post"}],"author":[{"embeddable":true,"href":"https:\/\/www.himbeergelb.ch\/index.php?rest_route=\/wp\/v2\/users\/1"}],"replies":[{"embeddable":true,"href":"https:\/\/www.himbeergelb.ch\/index.php?rest_route=%2Fwp%2Fv2%2Fcomments&post=342"}],"version-history":[{"count":6,"href":"https:\/\/www.himbeergelb.ch\/index.php?rest_route=\/wp\/v2\/posts\/342\/revisions"}],"predecessor-version":[{"id":378,"href":"https:\/\/www.himbeergelb.ch\/index.php?rest_route=\/wp\/v2\/posts\/342\/revisions\/378"}],"wp:attachment":[{"href":"https:\/\/www.himbeergelb.ch\/index.php?rest_route=%2Fwp%2Fv2%2Fmedia&parent=342"}],"wp:term":[{"taxonomy":"category","embeddable":true,"href":"https:\/\/www.himbeergelb.ch\/index.php?rest_route=%2Fwp%2Fv2%2Fcategories&post=342"},{"taxonomy":"post_tag","embeddable":true,"href":"https:\/\/www.himbeergelb.ch\/index.php?rest_route=%2Fwp%2Fv2%2Ftags&post=342"}],"curies":[{"name":"wp","href":"https:\/\/api.w.org\/{rel}","templated":true}]}}