{"id":1696,"date":"2024-06-07T17:26:00","date_gmt":"2024-06-07T15:26:00","guid":{"rendered":"https:\/\/www.himbeergelb.ch\/?p=1696"},"modified":"2025-10-20T20:13:26","modified_gmt":"2025-10-20T18:13:26","slug":"erdbeer-glace","status":"publish","type":"post","link":"https:\/\/www.himbeergelb.ch\/?p=1696","title":{"rendered":"Erdbeer-Glac\u00e9"},"content":{"rendered":"\n<p>S\u00fcss fruchtiges Erdbeereis, sehr lecker und ganz ohne Rahm.<\/p>\n\n\n\n<!--more-->\n\n\n\n<p>Bei diesem Rezept werden die Erdbeeren erhitzt, so sind sie auch bei einer allf\u00e4lligen Kreuzallergie, die bei Erdbeeren im Zusammenhang mit einer Birkenpollenallergie auftreten kann, gut vertr\u00e4glich.&nbsp;Damit es besonders fein wird, streiche ich die p\u00fcrierte Masse durch ein Sieb. Dieser Schritt ist nat\u00fcrlich optional.&nbsp;<\/p>\n\n\n\n<p>Vor dem Servieren empfiehlt es sich, das Erdbeereis 20-30 Minuten vorher aus dem Tiefk\u00fchler zu nehmen, damit es sich gut portionieren l\u00e4sst. In der selbstgemachten<a href=\"https:\/\/www.himbeergelb.ch\/?p=1708\"> Eiswaffel <\/a>schmeckt es besonders gut!<\/p>\n\n\n\n<div style=\"height:30px\" aria-hidden=\"true\" class=\"wp-block-spacer\"><\/div>\n\n\n\n<p><strong>Zutaten<\/strong><\/p>\n\n\n\n<p>400 g Erdbeeren (ger\u00fcstet)<\/p>\n\n\n\n<p>100 g Zucker<\/p>\n\n\n\n<p>80 g Wasser<\/p>\n\n\n\n<p>\u00bd Zitrone, Saft<\/p>\n\n\n\n<p>200 g glutenfreier Haferdrink (z.B. von Alnavit)<\/p>\n\n\n\n<p>100 g Kokosmilch<\/p>\n\n\n\n<div style=\"height:30px\" aria-hidden=\"true\" class=\"wp-block-spacer\"><\/div>\n\n\n\n<p><strong>Zubereitung&nbsp;<\/strong><\/p>\n\n\n\n<ol>\n<li>Erdbeeren waschen und in St\u00fccke schneiden.<\/li>\n\n\n\n<li>Wasser mit dem Zucker aufkochen und ca. 2 Minuten k\u00f6cheln lassen.<\/li>\n\n\n\n<li>Die Erdbeeren dazugeben und 4-5 Minuten weich k\u00f6cheln. P\u00fcrieren und durch ein Sieb streichen (optional).<\/li>\n\n\n\n<li>Kokosmilch und Haferdrink dazugeben, gut umr\u00fchren und abk\u00fchlen lassen.<\/li>\n\n\n\n<li>Die k\u00fchle Masse in der Eismaschine zu cremigem Eis gefrieren lassen. Geht auch ohne Eismaschine: ins Tiefk\u00fchlfach geben und alle 30 Minuten gut umr\u00fchren.<\/li>\n<\/ol>\n\n\n\n<div style=\"height:52px\" aria-hidden=\"true\" class=\"wp-block-spacer\"><\/div>\n\n\n\n<figure class=\"wp-block-image size-large is-resized\"><img loading=\"lazy\" decoding=\"async\" width=\"682\" height=\"1024\" src=\"http:\/\/www.himbeergelb.ch\/wp-content\/uploads\/2024\/06\/Erdbeerwaffel_Cornet_DSC01039-682x1024.jpg\" alt=\"\" class=\"wp-image-1703\" style=\"width:609px;height:auto\" srcset=\"https:\/\/www.himbeergelb.ch\/wp-content\/uploads\/2024\/06\/Erdbeerwaffel_Cornet_DSC01039-682x1024.jpg 682w, https:\/\/www.himbeergelb.ch\/wp-content\/uploads\/2024\/06\/Erdbeerwaffel_Cornet_DSC01039-200x300.jpg 200w, https:\/\/www.himbeergelb.ch\/wp-content\/uploads\/2024\/06\/Erdbeerwaffel_Cornet_DSC01039-1024x1536.jpg 1024w, https:\/\/www.himbeergelb.ch\/wp-content\/uploads\/2024\/06\/Erdbeerwaffel_Cornet_DSC01039-400x600.jpg 400w, https:\/\/www.himbeergelb.ch\/wp-content\/uploads\/2024\/06\/Erdbeerwaffel_Cornet_DSC01039-600x900.jpg 600w, https:\/\/www.himbeergelb.ch\/wp-content\/uploads\/2024\/06\/Erdbeerwaffel_Cornet_DSC01039.jpg 1333w\" sizes=\"(max-width: 682px) 100vw, 682px\" \/><figcaption class=\"wp-element-caption\">Schmeckt in einer selbstgemachten Eiswaffel besonders gut!<\/figcaption><\/figure>\n\n\n\n<div style=\"height:100px\" aria-hidden=\"true\" class=\"wp-block-spacer\"><\/div>\n","protected":false},"excerpt":{"rendered":"<p>S\u00fcss fruchtiges Erdbeereis, sehr lecker und ganz ohne Rahm.<\/p>\n","protected":false},"author":1,"featured_media":1701,"comment_status":"open","ping_status":"open","sticky":false,"template":"","format":"standard","meta":{"_monsterinsights_skip_tracking":false,"_monsterinsights_sitenote_active":false,"_monsterinsights_sitenote_note":"","_monsterinsights_sitenote_category":0,"footnotes":""},"categories":[4,20],"tags":[69,21,32,22],"_links":{"self":[{"href":"https:\/\/www.himbeergelb.ch\/index.php?rest_route=\/wp\/v2\/posts\/1696"}],"collection":[{"href":"https:\/\/www.himbeergelb.ch\/index.php?rest_route=\/wp\/v2\/posts"}],"about":[{"href":"https:\/\/www.himbeergelb.ch\/index.php?rest_route=\/wp\/v2\/types\/post"}],"author":[{"embeddable":true,"href":"https:\/\/www.himbeergelb.ch\/index.php?rest_route=\/wp\/v2\/users\/1"}],"replies":[{"embeddable":true,"href":"https:\/\/www.himbeergelb.ch\/index.php?rest_route=%2Fwp%2Fv2%2Fcomments&post=1696"}],"version-history":[{"count":3,"href":"https:\/\/www.himbeergelb.ch\/index.php?rest_route=\/wp\/v2\/posts\/1696\/revisions"}],"predecessor-version":[{"id":1710,"href":"https:\/\/www.himbeergelb.ch\/index.php?rest_route=\/wp\/v2\/posts\/1696\/revisions\/1710"}],"wp:featuredmedia":[{"embeddable":true,"href":"https:\/\/www.himbeergelb.ch\/index.php?rest_route=\/wp\/v2\/media\/1701"}],"wp:attachment":[{"href":"https:\/\/www.himbeergelb.ch\/index.php?rest_route=%2Fwp%2Fv2%2Fmedia&parent=1696"}],"wp:term":[{"taxonomy":"category","embeddable":true,"href":"https:\/\/www.himbeergelb.ch\/index.php?rest_route=%2Fwp%2Fv2%2Fcategories&post=1696"},{"taxonomy":"post_tag","embeddable":true,"href":"https:\/\/www.himbeergelb.ch\/index.php?rest_route=%2Fwp%2Fv2%2Ftags&post=1696"}],"curies":[{"name":"wp","href":"https:\/\/api.w.org\/{rel}","templated":true}]}}