{"id":1594,"date":"2023-09-01T20:01:22","date_gmt":"2023-09-01T18:01:22","guid":{"rendered":"https:\/\/www.himbeergelb.ch\/?p=1594"},"modified":"2023-10-29T20:27:04","modified_gmt":"2023-10-29T19:27:04","slug":"ratatouille","status":"publish","type":"post","link":"https:\/\/www.himbeergelb.ch\/?p=1594","title":{"rendered":"Ratatouille"},"content":{"rendered":"\n<p>Gl\u00e4nzende Auberginen, leuchtende Peperoni, knackige Zucchetti, saftige Tomaten, Zwiebeln, Knoblauch, Kr\u00e4uter. Eine unglaublich aromatische Mischung aus S\u00fcdfrankreich, die mir immer wieder besonders gut schmeckt.<\/p>\n\n\n\n<!--more-->\n\n\n\n<p>Wichtig bei der Zubereitung: Die Haut von Tomaten und Peperoni entfernen. Das ben\u00f6tigt etwas mehr Zeit, lohnt sich aber auf jeden Fall. Bei den Tomaten verwende ich manchmal auch einfachheitshalber Pelati und Passata aus dem Glas. Die Aubergine wird mit Hilfe von Salz entw\u00e4ssert, damit sie so richtig zart wird. Ein paar extra Kniffe und das Ratatouille wird zum Hochgenuss!&nbsp;<\/p>\n\n\n\n<p>Es eignet sich \u00fcbrigens sehr gut zum Vorkochen und Einfrieren. So kommt auch im Winter etwas Sommer auf den Teller.<\/p>\n\n\n\n<div style=\"height:20px\" aria-hidden=\"true\" class=\"wp-block-spacer\"><\/div>\n\n\n\n<p><strong>Zutaten<\/strong><\/p>\n\n\n\n<p>1-2 Zucchetti<\/p>\n\n\n\n<p>1 Aubergine<\/p>\n\n\n\n<p>2-3 Peperoni, rot und gelb<\/p>\n\n\n\n<p>1 Zwiebel<\/p>\n\n\n\n<p>2 Knoblauchzehen<\/p>\n\n\n\n<p>ca. 400 g Tomaten (gesch\u00e4lt) in St\u00fccken oder passierte Tomaten<\/p>\n\n\n\n<p>Oliven\u00f6l<\/p>\n\n\n\n<p>frische oder getrocknete Kr\u00e4uter: Rosmarin, Oregano, Thymian<\/p>\n\n\n\n<p>Salz<\/p>\n\n\n\n<div style=\"height:20px\" aria-hidden=\"true\" class=\"wp-block-spacer\"><\/div>\n\n\n\n<p><strong>Zubereitung<\/strong><\/p>\n\n\n\n<ol>\n<li>Aubergine in feine W\u00fcrfel schneiden, salzen und f\u00fcr 15-20 Minuten ziehen lassen. Ich mache das gerne in einem Sieb.<\/li>\n\n\n\n<li>Ofen auf 180\u00b0C Umluft vorheizen. Die Peperoni halbieren und das Kerngeh\u00e4use entfernen. Mit etwas Oliven\u00f6l bestreichen und mit der Haut nach oben im Ofen ca. 25 Minuten r\u00f6sten. Die Peperoni kurz abk\u00fchlen lassen und die Haut abziehen. Fein w\u00fcrfeln.<\/li>\n\n\n\n<li>Die Zucchetti ebenfalls in W\u00fcrfel schneiden. Ihr k\u00f6nnt auch die Zucchetti sch\u00e4len, dann zerf\u00e4llt sie aber komplett. Zwiebel und Knoblauch hacken.<\/li>\n\n\n\n<li>Die frischen Kr\u00e4uter fein hacken oder die getrockneten Kr\u00e4uter bereitstellen.<\/li>\n\n\n\n<li>Etwas Oliven\u00f6l in einer grossen Pfanne erhitzen. Die ausgedr\u00fcckten Auberginenw\u00fcrfel goldbraun anbraten. Aus der Pfanne nehmen und dann nacheinander ebenfalls die Zucchetti und Zwiebeln anbraten. Beiseite stellen.<\/li>\n\n\n\n<li>Jetzt den Knoblauch bei geringer Hitze and\u00fcnsten. Alle anderen Zutaten dazugeben und mit geschlossenem Deckel 20 Minuten leise k\u00f6cheln lassen.<\/li>\n\n\n\n<li>Abschmecken und mit Polenta, Couscous, Pasta oder Reis servieren. Ein Klecks veganer Joghurt passt \u00fcbrigens auch hervorragend dazu!<\/li>\n<\/ol>\n\n\n\n<div style=\"height:20px\" aria-hidden=\"true\" class=\"wp-block-spacer\"><\/div>\n\n\n\n<div style=\"height:100px\" aria-hidden=\"true\" class=\"wp-block-spacer\"><\/div>\n\n\n\n<figure class=\"wp-block-image size-large is-resized\"><img loading=\"lazy\" decoding=\"async\" src=\"http:\/\/www.himbeergelb.ch\/wp-content\/uploads\/2023\/08\/Ratatouille_DSC00418-683x1024.jpg\" alt=\"\" class=\"wp-image-1598\" width=\"420\" height=\"629\" srcset=\"https:\/\/www.himbeergelb.ch\/wp-content\/uploads\/2023\/08\/Ratatouille_DSC00418-683x1024.jpg 683w, https:\/\/www.himbeergelb.ch\/wp-content\/uploads\/2023\/08\/Ratatouille_DSC00418-600x900.jpg 600w, https:\/\/www.himbeergelb.ch\/wp-content\/uploads\/2023\/08\/Ratatouille_DSC00418-200x300.jpg 200w, https:\/\/www.himbeergelb.ch\/wp-content\/uploads\/2023\/08\/Ratatouille_DSC00418-1024x1536.jpg 1024w, https:\/\/www.himbeergelb.ch\/wp-content\/uploads\/2023\/08\/Ratatouille_DSC00418-400x600.jpg 400w, https:\/\/www.himbeergelb.ch\/wp-content\/uploads\/2023\/08\/Ratatouille_DSC00418.jpg 1200w\" sizes=\"(max-width: 420px) 100vw, 420px\" \/><figcaption class=\"wp-element-caption\">Sommer auf dem Teller &#8211; unglaublich aromatisch!<\/figcaption><\/figure>\n","protected":false},"excerpt":{"rendered":"<p>Gl\u00e4nzende Auberginen, leuchtende Peperoni, knackige Zucchetti, saftige Tomaten, Zwiebeln, Knoblauch, Kr\u00e4uter. Eine unglaublich aromatische Mischung aus S\u00fcdfrankreich, die mir immer wieder besonders gut schmeckt.<\/p>\n","protected":false},"author":1,"featured_media":1596,"comment_status":"open","ping_status":"open","sticky":false,"template":"","format":"standard","meta":{"_monsterinsights_skip_tracking":false,"_monsterinsights_sitenote_active":false,"_monsterinsights_sitenote_note":"","_monsterinsights_sitenote_category":0,"footnotes":""},"categories":[28,4],"tags":[21,84,32,22],"_links":{"self":[{"href":"https:\/\/www.himbeergelb.ch\/index.php?rest_route=\/wp\/v2\/posts\/1594"}],"collection":[{"href":"https:\/\/www.himbeergelb.ch\/index.php?rest_route=\/wp\/v2\/posts"}],"about":[{"href":"https:\/\/www.himbeergelb.ch\/index.php?rest_route=\/wp\/v2\/types\/post"}],"author":[{"embeddable":true,"href":"https:\/\/www.himbeergelb.ch\/index.php?rest_route=\/wp\/v2\/users\/1"}],"replies":[{"embeddable":true,"href":"https:\/\/www.himbeergelb.ch\/index.php?rest_route=%2Fwp%2Fv2%2Fcomments&post=1594"}],"version-history":[{"count":8,"href":"https:\/\/www.himbeergelb.ch\/index.php?rest_route=\/wp\/v2\/posts\/1594\/revisions"}],"predecessor-version":[{"id":1637,"href":"https:\/\/www.himbeergelb.ch\/index.php?rest_route=\/wp\/v2\/posts\/1594\/revisions\/1637"}],"wp:featuredmedia":[{"embeddable":true,"href":"https:\/\/www.himbeergelb.ch\/index.php?rest_route=\/wp\/v2\/media\/1596"}],"wp:attachment":[{"href":"https:\/\/www.himbeergelb.ch\/index.php?rest_route=%2Fwp%2Fv2%2Fmedia&parent=1594"}],"wp:term":[{"taxonomy":"category","embeddable":true,"href":"https:\/\/www.himbeergelb.ch\/index.php?rest_route=%2Fwp%2Fv2%2Fcategories&post=1594"},{"taxonomy":"post_tag","embeddable":true,"href":"https:\/\/www.himbeergelb.ch\/index.php?rest_route=%2Fwp%2Fv2%2Ftags&post=1594"}],"curies":[{"name":"wp","href":"https:\/\/api.w.org\/{rel}","templated":true}]}}