{"id":1457,"date":"2022-08-24T16:02:30","date_gmt":"2022-08-24T14:02:30","guid":{"rendered":"http:\/\/www.himbeergelb.ch\/?p=1457"},"modified":"2022-08-24T16:02:31","modified_gmt":"2022-08-24T14:02:31","slug":"buntes-wasserglace","status":"publish","type":"post","link":"https:\/\/www.himbeergelb.ch\/?p=1457","title":{"rendered":"Buntes Wasserglac\u00e9"},"content":{"rendered":"\n<p>Ein leckeres, prickelnd s\u00fcss-saures Eis an einem heissen Tag ist herrlich erfrischend! Und mit diesen Farben punktet das St\u00e4ngelglac\u00e9 gleich doppelt.<\/p>\n\n\n\n<!--more-->\n\n\n\n<p>Bis vor kurzem habe ich gerne auf fertige Glac\u00e9 vom Grossverteiler zur\u00fcckgegriffen (es gab einige wenige Sorten, die f\u00fcr uns ok waren). Bisweilen sind aber leichte allergische Reaktionen vorgekommen, deswegen habe ich mir eine tolle Glac\u00e9form aus Edelstahl angeschafft (guckt mal bei <a href=\"https:\/\/www.wertundvoll.ch\/collections\/eis\" data-type=\"URL\" data-id=\"https:\/\/www.wertundvoll.ch\/collections\/eis\">wertundvoll.ch <\/a>vorbei!) und begonnen, mit Glac\u00e9sorten zu experimentieren. Reine Fruchtglac\u00e9s sind nat\u00fcrlich auch eine tolle Sache, bei sauren Fr\u00fcchten wie Zitrone gebe ich aber etwas Zucker dazu.\u00a0<\/p>\n\n\n\n<p>Wichtig ist, etwas Zeit einzuplanen. Am besten ihr macht das Eis einen halben bis einen Tag im Voraus. Jede Farbstufe muss jeweils f\u00fcr sich gefrieren, bevor die n\u00e4chste obendrauf gegeben werden kann.\u00a0<\/p>\n\n\n\n<div style=\"height:25px\" aria-hidden=\"true\" class=\"wp-block-spacer\"><\/div>\n\n\n\n<p><strong>Zutaten<\/strong><\/p>\n\n\n\n<div style=\"height:8px\" aria-hidden=\"true\" class=\"wp-block-spacer\"><\/div>\n\n\n\n<p><em>Weiss<\/em><\/p>\n\n\n\n<p>50 g Wasser<\/p>\n\n\n\n<p>30 g Zucker<\/p>\n\n\n\n<p>50 g Zitronensaft<\/p>\n\n\n\n<div style=\"height:8px\" aria-hidden=\"true\" class=\"wp-block-spacer\"><\/div>\n\n\n\n<p><em>Orange<\/em><\/p>\n\n\n\n<p>100 g Orangensaft<\/p>\n\n\n\n<p>10 g Puderzucker<\/p>\n\n\n\n<div style=\"height:8px\" aria-hidden=\"true\" class=\"wp-block-spacer\"><\/div>\n\n\n\n<p><em>Rot<\/em><\/p>\n\n\n\n<p>100 g Himbeeren (tiefgek\u00fchlt)<\/p>\n\n\n\n<p>20 g Zucker<\/p>\n\n\n\n<p>Zudem ben\u00f6tigt ihr noch irgendeine Form und St\u00e4ngel f\u00fcr die Glac\u00e9s.<\/p>\n\n\n\n<div style=\"height:24px\" aria-hidden=\"true\" class=\"wp-block-spacer\"><\/div>\n\n\n\n<p><strong>Zubereitung<\/strong><\/p>\n\n\n\n<ol><li>F\u00fcr das Zitroneneis Wasser und Zucker zusammen aufkochen und kurz k\u00f6cheln lassen. Vom Herd nehmen und etwas abk\u00fchlen lassen.<\/li><li>Zitronen auspressen, bei Bedarf durch ein Sieb streichen. Unter den Zuckersirup mischen.<\/li><li>Die abgek\u00fchlte Fl\u00fcssigkeit in die Glac\u00e9formen verteilen. St\u00e4ngel hineingeben und fixieren. Die Formen f\u00fcr mindestens eine Stunde in den Tiefk\u00fchler stellen.<\/li><li>F\u00fcr das Himbeerglac\u00e9 die tiefgek\u00fchlten Himbeeren mit wenig Zucker aufkochen. Durch ein Sieb streichen und abk\u00fchlen lassen.<\/li><li>F\u00fcr das Orangeneis den Orangensaft (auch hier wieder optional durch ein Sieb streichen), mit wenig Zucker (nach Gusto) mischen.<\/li><li>Ist das Zitroneneis gefroren, eine Schicht Orangensaftmischung darauf geben. Wieder eine Stunde in den Tiefk\u00fchler stellen.<\/li><li>Zum Schluss \u00fcberall noch etwas vom vorbereiteten Himbeerglac\u00e9 dazugeben und dann einige Stunden gefrieren lassen.<\/li><\/ol>\n\n\n\n<div style=\"height:25px\" aria-hidden=\"true\" class=\"wp-block-spacer\"><\/div>\n\n\n\n<figure class=\"wp-block-image size-large is-resized\"><img loading=\"lazy\" decoding=\"async\" src=\"http:\/\/www.himbeergelb.ch\/wp-content\/uploads\/2022\/08\/IMG_1384-768x1024.jpg\" alt=\"\" class=\"wp-image-1459\" width=\"493\" height=\"657\" srcset=\"https:\/\/www.himbeergelb.ch\/wp-content\/uploads\/2022\/08\/IMG_1384-768x1024.jpg 768w, https:\/\/www.himbeergelb.ch\/wp-content\/uploads\/2022\/08\/IMG_1384-600x800.jpg 600w, https:\/\/www.himbeergelb.ch\/wp-content\/uploads\/2022\/08\/IMG_1384-225x300.jpg 225w, https:\/\/www.himbeergelb.ch\/wp-content\/uploads\/2022\/08\/IMG_1384-1152x1536.jpg 1152w, https:\/\/www.himbeergelb.ch\/wp-content\/uploads\/2022\/08\/IMG_1384.jpg 1350w\" sizes=\"(max-width: 493px) 100vw, 493px\" \/><\/figure>\n","protected":false},"excerpt":{"rendered":"<p>Ein leckeres, prickelnd s\u00fcss-saures Eis an einem heissen Tag ist herrlich erfrischend! Und mit diesen Farben punktet das St\u00e4ngelglac\u00e9 gleich doppelt.<\/p>\n","protected":false},"author":1,"featured_media":1462,"comment_status":"open","ping_status":"open","sticky":false,"template":"","format":"standard","meta":{"_monsterinsights_skip_tracking":false,"_monsterinsights_sitenote_active":false,"_monsterinsights_sitenote_note":"","_monsterinsights_sitenote_category":0,"footnotes":""},"categories":[4,20],"tags":[84,46,32,22],"_links":{"self":[{"href":"https:\/\/www.himbeergelb.ch\/index.php?rest_route=\/wp\/v2\/posts\/1457"}],"collection":[{"href":"https:\/\/www.himbeergelb.ch\/index.php?rest_route=\/wp\/v2\/posts"}],"about":[{"href":"https:\/\/www.himbeergelb.ch\/index.php?rest_route=\/wp\/v2\/types\/post"}],"author":[{"embeddable":true,"href":"https:\/\/www.himbeergelb.ch\/index.php?rest_route=\/wp\/v2\/users\/1"}],"replies":[{"embeddable":true,"href":"https:\/\/www.himbeergelb.ch\/index.php?rest_route=%2Fwp%2Fv2%2Fcomments&post=1457"}],"version-history":[{"count":4,"href":"https:\/\/www.himbeergelb.ch\/index.php?rest_route=\/wp\/v2\/posts\/1457\/revisions"}],"predecessor-version":[{"id":1466,"href":"https:\/\/www.himbeergelb.ch\/index.php?rest_route=\/wp\/v2\/posts\/1457\/revisions\/1466"}],"wp:featuredmedia":[{"embeddable":true,"href":"https:\/\/www.himbeergelb.ch\/index.php?rest_route=\/wp\/v2\/media\/1462"}],"wp:attachment":[{"href":"https:\/\/www.himbeergelb.ch\/index.php?rest_route=%2Fwp%2Fv2%2Fmedia&parent=1457"}],"wp:term":[{"taxonomy":"category","embeddable":true,"href":"https:\/\/www.himbeergelb.ch\/index.php?rest_route=%2Fwp%2Fv2%2Fcategories&post=1457"},{"taxonomy":"post_tag","embeddable":true,"href":"https:\/\/www.himbeergelb.ch\/index.php?rest_route=%2Fwp%2Fv2%2Ftags&post=1457"}],"curies":[{"name":"wp","href":"https:\/\/api.w.org\/{rel}","templated":true}]}}