{"id":1435,"date":"2022-07-12T15:55:59","date_gmt":"2022-07-12T13:55:59","guid":{"rendered":"http:\/\/www.himbeergelb.ch\/?p=1435"},"modified":"2022-08-07T14:07:24","modified_gmt":"2022-08-07T12:07:24","slug":"blechkuchen-mit-beeren","status":"publish","type":"post","link":"https:\/\/www.himbeergelb.ch\/?p=1435","title":{"rendered":"Blechkuchen mit Beeren"},"content":{"rendered":"\n<p>S\u00fcsse, saftige, prickelnd saure, aromatische Beeren &#8211; herrliche Sommerzeit! Hier sind verschiedene Beeren in einem leckeren Blechkuchen verbacken und geben ein s\u00fcndhaft gutes Zvieri.<\/p>\n\n\n\n<!--more-->\n\n\n\n<p>Noch warm von der Sonne direkt vom Strauch, wie fr\u00fcher bei meinen Grosseltern im Garten &#8211; das war wunderbar! Leider haben wir keinen eigenen Garten, somit blange ich jeweils darauf, wenn ich die bunten, kleinen Kostbarkeiten auf dem Wochenmarkt entdecke.<\/p>\n\n\n\n<p>Doch leider ist auch hier der rohe Verzehr nicht mehr ganz so vertr\u00e4glich wie auch schon. Deswegen habe ich meine Lieblingsfr\u00fcchte spontan in einem glutenfreien, veganen Kuchen verbacken. Der schmeckt so gut, dass das Rezept umgehend auf den Blog muss.<\/p>\n\n\n\n<div style=\"height:25px\" aria-hidden=\"true\" class=\"wp-block-spacer\"><\/div>\n\n\n\n<p><strong>Zutaten<\/strong> (f\u00fcr ein Blech von ~25&#215;30 cm)<\/p>\n\n\n\n<p><em>250 g glutenfreies Mehl:<\/em><\/p>\n\n\n\n<p>100 g Hafermehl (glutenfrei)<\/p>\n\n\n\n<p>50 g Reismehl<\/p>\n\n\n\n<p>50 g Maismehl<\/p>\n\n\n\n<p>1-2 EL Erdmandelmehl (z.B. von NaturKraftWerke)<\/p>\n\n\n\n<p>30 g Tapioka-Maranta-St\u00e4rke (oder einfach Tapiokast\u00e4rke)<\/p>\n\n\n\n<p>20 g Maisst\u00e4rke<\/p>\n\n\n\n<p>130 g Zucker<\/p>\n\n\n\n<p>1 P\u00e4ckli Vanillezucker<\/p>\n\n\n\n<p>1\/2 Pk Backpulver<\/p>\n\n\n\n<p>1 Prise Salz<\/p>\n\n\n\n<p>180 g Apfelmus<\/p>\n\n\n\n<p>140 g (Mineral-)Wasser<\/p>\n\n\n\n<p>1 EL \u00d6l<\/p>\n\n\n\n<p>Beeren nach Wahl: Heidelbeeren, Himbeeren, Johannisbeeren<\/p>\n\n\n\n<div style=\"height:25px\" aria-hidden=\"true\" class=\"wp-block-spacer\"><\/div>\n\n\n\n<figure class=\"wp-block-image size-large is-resized\"><img loading=\"lazy\" decoding=\"async\" src=\"http:\/\/www.himbeergelb.ch\/wp-content\/uploads\/2022\/07\/Blechkuchen_DSC08618_b-1024x682.jpg\" alt=\"\" class=\"wp-image-1440\" width=\"597\" height=\"397\" srcset=\"https:\/\/www.himbeergelb.ch\/wp-content\/uploads\/2022\/07\/Blechkuchen_DSC08618_b-1024x682.jpg 1024w, https:\/\/www.himbeergelb.ch\/wp-content\/uploads\/2022\/07\/Blechkuchen_DSC08618_b-600x400.jpg 600w, https:\/\/www.himbeergelb.ch\/wp-content\/uploads\/2022\/07\/Blechkuchen_DSC08618_b-300x200.jpg 300w, https:\/\/www.himbeergelb.ch\/wp-content\/uploads\/2022\/07\/Blechkuchen_DSC08618_b-1536x1024.jpg 1536w, https:\/\/www.himbeergelb.ch\/wp-content\/uploads\/2022\/07\/Blechkuchen_DSC08618_b.jpg 2000w\" sizes=\"(max-width: 597px) 100vw, 597px\" \/><figcaption>Blechkuchen sind schnell und einfach gemacht.<\/figcaption><\/figure>\n\n\n\n<div style=\"height:25px\" aria-hidden=\"true\" class=\"wp-block-spacer\"><\/div>\n\n\n\n<p><strong>Zubereitung<\/strong><\/p>\n\n\n\n<ol><li>Ofen auf 180\u00b0C Ober-\/Unterhitze vorheizen.<\/li><li>Zuerst die trockenen Zutaten mischen.<\/li><li>Das Apfelmus, das \u00d6l und das Wasser dazugeben. Gut mischen und auf ein mit Backpapier belegtes Backblech geben (ca. 25&#215;30 cm).<\/li><li>In der Ofenmitte ca. 35 Minuten backen.<\/li><li>Herausnehmen und ausk\u00fchlen lassen. Glutenfreie Kuchen sind warm meistens noch recht br\u00f6selig und werden mit dem Abk\u00fchlen fest.<\/li><\/ol>\n\n\n\n<div style=\"height:25px\" aria-hidden=\"true\" class=\"wp-block-spacer\"><\/div>\n\n\n\n<figure class=\"wp-block-image size-large is-resized\"><img loading=\"lazy\" decoding=\"async\" src=\"http:\/\/www.himbeergelb.ch\/wp-content\/uploads\/2022\/07\/Blechkuchen_DSC08610_b-1024x682.jpg\" alt=\"\" class=\"wp-image-1438\" width=\"591\" height=\"393\" srcset=\"https:\/\/www.himbeergelb.ch\/wp-content\/uploads\/2022\/07\/Blechkuchen_DSC08610_b-1024x682.jpg 1024w, https:\/\/www.himbeergelb.ch\/wp-content\/uploads\/2022\/07\/Blechkuchen_DSC08610_b-600x400.jpg 600w, https:\/\/www.himbeergelb.ch\/wp-content\/uploads\/2022\/07\/Blechkuchen_DSC08610_b-300x200.jpg 300w, https:\/\/www.himbeergelb.ch\/wp-content\/uploads\/2022\/07\/Blechkuchen_DSC08610_b-1536x1024.jpg 1536w, https:\/\/www.himbeergelb.ch\/wp-content\/uploads\/2022\/07\/Blechkuchen_DSC08610_b.jpg 2000w\" sizes=\"(max-width: 591px) 100vw, 591px\" \/><figcaption>Saftig s\u00fcsser Beerenkuchen &#8211; passt hervorragend zum Zvieri!<\/figcaption><\/figure>\n","protected":false},"excerpt":{"rendered":"<p>S\u00fcsse, saftige, prickelnd saure, aromatische Beeren &#8211; herrliche Sommerzeit! Hier sind verschiedene Beeren in einem leckeren Blechkuchen verbacken und geben ein s\u00fcndhaft gutes Zvieri.<\/p>\n","protected":false},"author":1,"featured_media":1436,"comment_status":"open","ping_status":"open","sticky":false,"template":"","format":"standard","meta":{"_monsterinsights_skip_tracking":false,"_monsterinsights_sitenote_active":false,"_monsterinsights_sitenote_note":"","_monsterinsights_sitenote_category":0,"footnotes":""},"categories":[4,20],"tags":[69,21,84,53,32,22],"_links":{"self":[{"href":"https:\/\/www.himbeergelb.ch\/index.php?rest_route=\/wp\/v2\/posts\/1435"}],"collection":[{"href":"https:\/\/www.himbeergelb.ch\/index.php?rest_route=\/wp\/v2\/posts"}],"about":[{"href":"https:\/\/www.himbeergelb.ch\/index.php?rest_route=\/wp\/v2\/types\/post"}],"author":[{"embeddable":true,"href":"https:\/\/www.himbeergelb.ch\/index.php?rest_route=\/wp\/v2\/users\/1"}],"replies":[{"embeddable":true,"href":"https:\/\/www.himbeergelb.ch\/index.php?rest_route=%2Fwp%2Fv2%2Fcomments&post=1435"}],"version-history":[{"count":5,"href":"https:\/\/www.himbeergelb.ch\/index.php?rest_route=\/wp\/v2\/posts\/1435\/revisions"}],"predecessor-version":[{"id":1446,"href":"https:\/\/www.himbeergelb.ch\/index.php?rest_route=\/wp\/v2\/posts\/1435\/revisions\/1446"}],"wp:featuredmedia":[{"embeddable":true,"href":"https:\/\/www.himbeergelb.ch\/index.php?rest_route=\/wp\/v2\/media\/1436"}],"wp:attachment":[{"href":"https:\/\/www.himbeergelb.ch\/index.php?rest_route=%2Fwp%2Fv2%2Fmedia&parent=1435"}],"wp:term":[{"taxonomy":"category","embeddable":true,"href":"https:\/\/www.himbeergelb.ch\/index.php?rest_route=%2Fwp%2Fv2%2Fcategories&post=1435"},{"taxonomy":"post_tag","embeddable":true,"href":"https:\/\/www.himbeergelb.ch\/index.php?rest_route=%2Fwp%2Fv2%2Ftags&post=1435"}],"curies":[{"name":"wp","href":"https:\/\/api.w.org\/{rel}","templated":true}]}}