{"id":1423,"date":"2022-06-22T13:58:33","date_gmt":"2022-06-22T11:58:33","guid":{"rendered":"http:\/\/www.himbeergelb.ch\/?p=1423"},"modified":"2023-10-29T20:25:25","modified_gmt":"2023-10-29T19:25:25","slug":"quetschkartoffeln-mit-kraeuterdip-und-tomatensalat","status":"publish","type":"post","link":"https:\/\/www.himbeergelb.ch\/?p=1423","title":{"rendered":"Quetschkartoffeln mit Kr\u00e4uterdip und Tomatensalat"},"content":{"rendered":"\n<p>Sommer pur auf dem Teller! W\u00fcrzige Kartoffeln vom Blech mit frisch-kr\u00e4uterigem Joghurtdip und einem wunderbar aromatischen Tomatensalat.<\/p>\n\n\n\n<!--more-->\n\n\n\n<p>Kartoffeln gibt es bei uns sehr oft und ich bin sehr angetan von den vielen M\u00f6glichkeiten der Zubereitung. Durch die Abwechslung werden sie uns nie langweilig. Frische Tomaten hingegen kaufe ich sehr selten und wenn, dann nur im Sommer. Hier verwende ich f\u00fcr den Tomatensalat sehr aromatische, schon fast s\u00fcssliche Kirschtomaten.&nbsp;<\/p>\n\n\n\n<p>F\u00fcr Quetschkartoffeln k\u00f6nnt ihr grunds\u00e4tzlich jede Kartoffelsorte verwenden, besonders fein finde ich sie mit neuen Kartoffeln, die eine ganz feine Schale haben.<\/p>\n\n\n\n<p>Erg\u00e4nzend passen auch ein Gurkensalat oder knusprig gebratener Speck dazu.<\/p>\n\n\n\n<p><strong>Eine Bemerkung zum veganen Joghurt: Ich verwende gern den von Biedermann oder auch von Harvest Moon. Harvest Moon gab auf Nachfrage hin zur Antwort, dass die Kokos-Joghurts separiert von den Cashew-Joghurts hergestellt werden und nur die Zutaten drin sind, die auch drauf stehen. Die Molkerei Biedermann orientiert sich bei der <a href=\"https:\/\/www.himbeergelb.ch\/?p=1226\" data-type=\"URL\" data-id=\"https:\/\/www.himbeergelb.ch\/?p=1226\">Spurendeklaration<\/a> an den EU-Empfehlungen, dessen Wert unter jenem liegt, der erfahrungsgem\u00e4ss allergische Reaktionen hervorrufen kann. Eine \u201cEmpfehlung f\u00fcr Milchallergiker\u201d m\u00f6chten sie aber nicht abgeben. Wir haben damit bisher gute Erfahrungen gemacht.<\/strong><\/p>\n\n\n\n<div style=\"height:25px\" aria-hidden=\"true\" class=\"wp-block-spacer\"><\/div>\n\n\n\n<p><strong>Zutaten Quetschkartoffeln<\/strong><\/p>\n\n\n\n<p>1 kg Kartoffeln<\/p>\n\n\n\n<p>3-4 EL Raps- oder Oliven\u00f6l<\/p>\n\n\n\n<p>Paprika<\/p>\n\n\n\n<p>ev. wenig Cayennepfeffer<\/p>\n\n\n\n<p>Rosmarin<\/p>\n\n\n\n<p>Salz<\/p>\n\n\n\n<p>2 TL Ahornsirup<\/p>\n\n\n\n<div style=\"height:22px\" aria-hidden=\"true\" class=\"wp-block-spacer\"><\/div>\n\n\n\n<p><strong>Zutaten Kr\u00e4uterdip<\/strong><\/p>\n\n\n\n<p>3-4 EL veganer Joghurt (siehe oben)<\/p>\n\n\n\n<p>1 TL Zitronensaft<\/p>\n\n\n\n<p>Kr\u00e4uter nach Wunsch: z.B. Schnittlauch, (glatte) Petersilie, Dill<\/p>\n\n\n\n<div style=\"height:22px\" aria-hidden=\"true\" class=\"wp-block-spacer\"><\/div>\n\n\n\n<p><strong>Zutaten Tomatensalat<\/strong><\/p>\n\n\n\n<p>300 g aromatische Kirschtomaten<\/p>\n\n\n\n<p>1 EL Oliven\u00f6l<\/p>\n\n\n\n<p>1-2 TL Balsamico bianco<\/p>\n\n\n\n<p>\u00bd Zwiebel<\/p>\n\n\n\n<p>einige Bl\u00e4tter Basilikum<\/p>\n\n\n\n<p>Salz<\/p>\n\n\n\n<div style=\"height:22px\" aria-hidden=\"true\" class=\"wp-block-spacer\"><\/div>\n\n\n\n<p><strong>Zubereitung<\/strong><\/p>\n\n\n\n<ol>\n<li>Die Kartoffeln ca. 20 Minuten kochen.<\/li>\n\n\n\n<li>Ofen auf 200\u00b0C vorheizen (Ober-\/Unterhitze).<\/li>\n\n\n\n<li>F\u00fcr die Marinade das \u00d6l mit den Gew\u00fcrzen mischen.<\/li>\n\n\n\n<li>Die gekochten Kartoffeln auf ein mit Backpapier belegtes Blech geben und mit dem Boden eines Glases, einer Tasse oder \u00c4hnlichem platt dr\u00fccken. Die zerdr\u00fcckten Kartoffeln mit der Marinade bepinseln.<\/li>\n\n\n\n<li>Im vorgeheizten Ofen bei 200\u00b0C rund 20-30 Minuten backen.<\/li>\n<\/ol>\n\n\n\n<ol start=\"6\">\n<li>F\u00fcr den Kr\u00e4uterdip die Kr\u00e4uter fein schneiden und mit dem veganen Joghurt mischen. Mit Zitronensaft und Salz abschmecken.<\/li>\n\n\n\n<li>F\u00fcr den Tomatensalat die Tomaten klein schneiden (vierteln oder achteln). Die Zwiebel ebenfalls ganz fein schneiden und das Basilikum in Streifen schneiden. Die Zutaten mit Oliven\u00f6l, Balsamico und Salz w\u00fcrzen.<\/li>\n<\/ol>\n\n\n\n<div style=\"height:22px\" aria-hidden=\"true\" class=\"wp-block-spacer\"><\/div>\n\n\n\n<figure class=\"wp-block-image size-large is-resized\"><img loading=\"lazy\" decoding=\"async\" src=\"http:\/\/www.himbeergelb.ch\/wp-content\/uploads\/2022\/06\/Quetschkartoffeln_DSC08387-1024x683.jpg\" alt=\"\" class=\"wp-image-1426\" width=\"508\" height=\"338\" srcset=\"https:\/\/www.himbeergelb.ch\/wp-content\/uploads\/2022\/06\/Quetschkartoffeln_DSC08387-1024x683.jpg 1024w, https:\/\/www.himbeergelb.ch\/wp-content\/uploads\/2022\/06\/Quetschkartoffeln_DSC08387-600x400.jpg 600w, https:\/\/www.himbeergelb.ch\/wp-content\/uploads\/2022\/06\/Quetschkartoffeln_DSC08387-300x200.jpg 300w, https:\/\/www.himbeergelb.ch\/wp-content\/uploads\/2022\/06\/Quetschkartoffeln_DSC08387-1536x1024.jpg 1536w, https:\/\/www.himbeergelb.ch\/wp-content\/uploads\/2022\/06\/Quetschkartoffeln_DSC08387.jpg 1800w\" sizes=\"(max-width: 508px) 100vw, 508px\" \/><figcaption class=\"wp-element-caption\">Knusprig, saftig, aromatisch, frisch &#8211; eine super leckere Kombination!<\/figcaption><\/figure>\n","protected":false},"excerpt":{"rendered":"<p>Sommer pur auf dem Teller! W\u00fcrzige Kartoffeln vom Blech mit frisch-kr\u00e4uterigem Joghurtdip und einem wunderbar aromatischen Tomatensalat.<\/p>\n","protected":false},"author":1,"featured_media":1424,"comment_status":"open","ping_status":"open","sticky":false,"template":"","format":"standard","meta":{"_monsterinsights_skip_tracking":false,"_monsterinsights_sitenote_active":false,"_monsterinsights_sitenote_note":"","_monsterinsights_sitenote_category":0,"footnotes":""},"categories":[28,29,4,18],"tags":[21,80,84,32,22],"_links":{"self":[{"href":"https:\/\/www.himbeergelb.ch\/index.php?rest_route=\/wp\/v2\/posts\/1423"}],"collection":[{"href":"https:\/\/www.himbeergelb.ch\/index.php?rest_route=\/wp\/v2\/posts"}],"about":[{"href":"https:\/\/www.himbeergelb.ch\/index.php?rest_route=\/wp\/v2\/types\/post"}],"author":[{"embeddable":true,"href":"https:\/\/www.himbeergelb.ch\/index.php?rest_route=\/wp\/v2\/users\/1"}],"replies":[{"embeddable":true,"href":"https:\/\/www.himbeergelb.ch\/index.php?rest_route=%2Fwp%2Fv2%2Fcomments&post=1423"}],"version-history":[{"count":5,"href":"https:\/\/www.himbeergelb.ch\/index.php?rest_route=\/wp\/v2\/posts\/1423\/revisions"}],"predecessor-version":[{"id":1635,"href":"https:\/\/www.himbeergelb.ch\/index.php?rest_route=\/wp\/v2\/posts\/1423\/revisions\/1635"}],"wp:featuredmedia":[{"embeddable":true,"href":"https:\/\/www.himbeergelb.ch\/index.php?rest_route=\/wp\/v2\/media\/1424"}],"wp:attachment":[{"href":"https:\/\/www.himbeergelb.ch\/index.php?rest_route=%2Fwp%2Fv2%2Fmedia&parent=1423"}],"wp:term":[{"taxonomy":"category","embeddable":true,"href":"https:\/\/www.himbeergelb.ch\/index.php?rest_route=%2Fwp%2Fv2%2Fcategories&post=1423"},{"taxonomy":"post_tag","embeddable":true,"href":"https:\/\/www.himbeergelb.ch\/index.php?rest_route=%2Fwp%2Fv2%2Ftags&post=1423"}],"curies":[{"name":"wp","href":"https:\/\/api.w.org\/{rel}","templated":true}]}}