{"id":1404,"date":"2022-06-06T14:45:37","date_gmt":"2022-06-06T12:45:37","guid":{"rendered":"http:\/\/www.himbeergelb.ch\/?p=1404"},"modified":"2022-06-06T19:23:42","modified_gmt":"2022-06-06T17:23:42","slug":"guacamole-avocadocreme","status":"publish","type":"post","link":"https:\/\/www.himbeergelb.ch\/?p=1404","title":{"rendered":"Guacamole \/ Avocadocr\u00e8me"},"content":{"rendered":"\n<p>Zarte, buttrige, feine Avocado. Ich habe sie vor einigen Monaten bei Gebana vorbestellt und mich die ganze Zeit so sehr darauf gefreut! Endlich sind sie da! Sie mussten noch ein paar Tage reifen, aber heute gab es gleich Guacamole mit Tortilla Chips.<\/p>\n\n\n\n<!--more-->\n\n\n\n<p>Avocados liefern viele Vitamine und Mineralstoffe und wertvolle Fetts\u00e4uren. Ausserdem sind sie purinarm. Allerdings m\u00fcssen Personen mit einer Histaminintoleranz aufpassen und je nachdem auf Avocados verzichten. Die Vertr\u00e4glichkeit ist hier sehr individuell (und auch kumulativ).&nbsp;<\/p>\n\n\n\n<p>\u00dcbrigens ist die Avocado aus botanischer Sicht eine Beere und der Name stammt aus der indigenen, mexikanischen Sprache <em>Nahuatl<\/em>, die auch heute noch gesprochen wird.&nbsp;<\/p>\n\n\n\n<p>Guacamole bezeichnet eine mexikanische Avocadocr\u00e8me und wird in jedem Haushalt etwas anders zubereitet. Oft mit Limettensaft, Zwiebeln, Knoblauch, Chili und Koriander. Ich hatte keine Limetten zuhause, also hab ich alternativ Zitronensaft verwendet. Dazu noch etwas Knoblauch und Petersilie. Auch Tomatenst\u00fccke werden ab und zu gerne untergemischt.<\/p>\n\n\n\n<p>Avocados gelten als sehr gesund, allerdings stehen sie auch in der Kritik wegen des umweltbelastenden Anbaus und der langen Transportwege. Ich kaufe selten Avocados und wenn, dann achte ich darauf, dass sie bio und fairtrade angebaut wurden. Deswegen sch\u00e4tze ich auch das Angebot von Gebana sehr.<\/p>\n\n\n\n<div style=\"height:30px\" aria-hidden=\"true\" class=\"wp-block-spacer\"><\/div>\n\n\n\n<p><strong>Zutaten<\/strong><\/p>\n\n\n\n<p>1-2 reife Avocados<\/p>\n\n\n\n<p>etwas Limetten- oder Zitronensaft<\/p>\n\n\n\n<p>Salz<\/p>\n\n\n\n<p>Koriander oder Petersilie<\/p>\n\n\n\n<p>1-2 Knoblauchzehen, gepresst<\/p>\n\n\n\n<p>Cayennepfeffer oder gehackte Chilischote<\/p>\n\n\n\n<p>optional: 1 kleine gehackte Zwiebel<\/p>\n\n\n\n<p>optional: 1 fein gew\u00fcrfelte Tomate<\/p>\n\n\n\n<div style=\"height:30px\" aria-hidden=\"true\" class=\"wp-block-spacer\"><\/div>\n\n\n\n<p><strong>Zubereitung<\/strong><\/p>\n\n\n\n<ol><li>Das Fruchtfleisch der Avocado aus der Schale sch\u00e4len oder mit dem L\u00f6ffel heraustrennen. Mit einer Gabel zerdr\u00fccken.<\/li><li>Zutaten untermischen, abschmecken und servieren.&nbsp;<\/li><\/ol>\n\n\n\n<div style=\"height:30px\" aria-hidden=\"true\" class=\"wp-block-spacer\"><\/div>\n\n\n\n<figure class=\"wp-block-image size-large is-resized\"><img loading=\"lazy\" decoding=\"async\" src=\"http:\/\/www.himbeergelb.ch\/wp-content\/uploads\/2022\/06\/Avocado_Dip_Tortilla_Chips_DSC08255-741x1024.jpg\" alt=\"\" class=\"wp-image-1406\" width=\"446\" height=\"616\" srcset=\"https:\/\/www.himbeergelb.ch\/wp-content\/uploads\/2022\/06\/Avocado_Dip_Tortilla_Chips_DSC08255-741x1024.jpg 741w, https:\/\/www.himbeergelb.ch\/wp-content\/uploads\/2022\/06\/Avocado_Dip_Tortilla_Chips_DSC08255-600x829.jpg 600w, https:\/\/www.himbeergelb.ch\/wp-content\/uploads\/2022\/06\/Avocado_Dip_Tortilla_Chips_DSC08255-217x300.jpg 217w, https:\/\/www.himbeergelb.ch\/wp-content\/uploads\/2022\/06\/Avocado_Dip_Tortilla_Chips_DSC08255-1111x1536.jpg 1111w, https:\/\/www.himbeergelb.ch\/wp-content\/uploads\/2022\/06\/Avocado_Dip_Tortilla_Chips_DSC08255.jpg 1302w\" sizes=\"(max-width: 446px) 100vw, 446px\" \/><figcaption>Knusprige Chips treffen auf cr\u00e8mige Avocado.<\/figcaption><\/figure>\n\n\n\n<div style=\"height:30px\" aria-hidden=\"true\" class=\"wp-block-spacer\"><\/div>\n\n\n\n<figure class=\"wp-block-image size-large is-resized\"><img loading=\"lazy\" decoding=\"async\" src=\"http:\/\/www.himbeergelb.ch\/wp-content\/uploads\/2022\/06\/Avocado_DSC08136-683x1024.jpg\" alt=\"\" class=\"wp-image-1407\" width=\"448\" height=\"671\" srcset=\"https:\/\/www.himbeergelb.ch\/wp-content\/uploads\/2022\/06\/Avocado_DSC08136-683x1024.jpg 683w, https:\/\/www.himbeergelb.ch\/wp-content\/uploads\/2022\/06\/Avocado_DSC08136-600x900.jpg 600w, https:\/\/www.himbeergelb.ch\/wp-content\/uploads\/2022\/06\/Avocado_DSC08136-200x300.jpg 200w, https:\/\/www.himbeergelb.ch\/wp-content\/uploads\/2022\/06\/Avocado_DSC08136-1024x1536.jpg 1024w, https:\/\/www.himbeergelb.ch\/wp-content\/uploads\/2022\/06\/Avocado_DSC08136-400x600.jpg 400w, https:\/\/www.himbeergelb.ch\/wp-content\/uploads\/2022\/06\/Avocado_DSC08136.jpg 1200w\" sizes=\"(max-width: 448px) 100vw, 448px\" \/><figcaption>Obwohl ich Avocados sehr mag, kaufe ich sie selten. Wenn, dann fairtrade und bio.<\/figcaption><\/figure>\n","protected":false},"excerpt":{"rendered":"<p>Zarte, buttrige, feine Avocado. Ich habe sie vor einigen Monaten bei Gebana vorbestellt und mich die ganze Zeit so sehr darauf gefreut! Endlich sind sie da! Sie mussten noch ein paar Tage reifen, aber heute gab es gleich Guacamole mit&#8230;<\/p>\n","protected":false},"author":1,"featured_media":1405,"comment_status":"open","ping_status":"open","sticky":false,"template":"","format":"standard","meta":{"_monsterinsights_skip_tracking":false,"_monsterinsights_sitenote_active":false,"_monsterinsights_sitenote_note":"","_monsterinsights_sitenote_category":0,"footnotes":""},"categories":[28,4],"tags":[69,21,53,65,32,22],"_links":{"self":[{"href":"https:\/\/www.himbeergelb.ch\/index.php?rest_route=\/wp\/v2\/posts\/1404"}],"collection":[{"href":"https:\/\/www.himbeergelb.ch\/index.php?rest_route=\/wp\/v2\/posts"}],"about":[{"href":"https:\/\/www.himbeergelb.ch\/index.php?rest_route=\/wp\/v2\/types\/post"}],"author":[{"embeddable":true,"href":"https:\/\/www.himbeergelb.ch\/index.php?rest_route=\/wp\/v2\/users\/1"}],"replies":[{"embeddable":true,"href":"https:\/\/www.himbeergelb.ch\/index.php?rest_route=%2Fwp%2Fv2%2Fcomments&post=1404"}],"version-history":[{"count":3,"href":"https:\/\/www.himbeergelb.ch\/index.php?rest_route=\/wp\/v2\/posts\/1404\/revisions"}],"predecessor-version":[{"id":1411,"href":"https:\/\/www.himbeergelb.ch\/index.php?rest_route=\/wp\/v2\/posts\/1404\/revisions\/1411"}],"wp:featuredmedia":[{"embeddable":true,"href":"https:\/\/www.himbeergelb.ch\/index.php?rest_route=\/wp\/v2\/media\/1405"}],"wp:attachment":[{"href":"https:\/\/www.himbeergelb.ch\/index.php?rest_route=%2Fwp%2Fv2%2Fmedia&parent=1404"}],"wp:term":[{"taxonomy":"category","embeddable":true,"href":"https:\/\/www.himbeergelb.ch\/index.php?rest_route=%2Fwp%2Fv2%2Fcategories&post=1404"},{"taxonomy":"post_tag","embeddable":true,"href":"https:\/\/www.himbeergelb.ch\/index.php?rest_route=%2Fwp%2Fv2%2Ftags&post=1404"}],"curies":[{"name":"wp","href":"https:\/\/api.w.org\/{rel}","templated":true}]}}