{"id":1353,"date":"2022-04-23T13:11:21","date_gmt":"2022-04-23T11:11:21","guid":{"rendered":"http:\/\/www.himbeergelb.ch\/?p=1353"},"modified":"2022-05-19T16:13:33","modified_gmt":"2022-05-19T14:13:33","slug":"kompromisse-finden","status":"publish","type":"post","link":"https:\/\/www.himbeergelb.ch\/?p=1353","title":{"rendered":"Kompromisse finden"},"content":{"rendered":"\n<p>Bei Allergien gibt es keinen Mittelweg. Ist eine Allergie vorhanden muss das Allergen gemieden werden. Aber gilt das auch f\u00fcr den Rest der Familie?<\/p>\n\n\n\n<p>Ich backe unglaublich gerne Brot. Knuspriges, herrlich duftendes Brot frisch aus dem Ofen ist etwas Wunderbares!&nbsp;<\/p>\n\n\n\n<p>Aber: Darf ich mit Leidenschaft Brot backen und geniessen, wenn mein Allergikerkind das nicht kann? Ich bin immer wieder hin- und hergerissen, muss Kompromisse finden. Unser Allergiker soll nicht immer eine Ausnahme bilden. Ich m\u00f6chte ihm nicht vor Augen f\u00fchren, was er nicht darf, sondern m\u00f6glichst viel von dem zeigen, was alles m\u00f6glich ist.&nbsp;<\/p>\n\n\n\n<!--more-->\n\n\n\n<p>W\u00e4hrend ab und zu kleine Kompromisse kaum zum Tragen kommen, so ist Brot, das bei uns t\u00e4glich auf den Tisch kommt, wohl die augenf\u00e4lligste \u201cAusnahme\u201d.&nbsp;<\/p>\n\n\n\n<p>Ich habe angefangen selber Brot zu backen, als Weizen noch kein Allergie-Thema bei uns war. Auch wenn unser Allergiker seit jeher eine Aversion gegen Nahrungsmittel mit Weizen (und verwandte Getreide) gezeigt hatte und diese nie besonders mochte &#8211; egal ob Pasta, Brot oder Kuchen. Im Nachhinein ist diese Abneigung nat\u00fcrlich besser zu verstehen.&nbsp;<\/p>\n\n\n\n<p>Aber ich hatte eine Leidenschaft f\u00fcrs Brotbacken entdeckt, f\u00fcr die Herstellung von urspr\u00fcnglichen Teigen mit guten Mehlen.<\/p>\n\n\n\n<p>Dank Judith Erdin (<a href=\"https:\/\/streusel.ch\/\" data-type=\"URL\" data-id=\"https:\/\/streusel.ch\/\">streusel.ch<\/a>, <em>Dein bestes Brot<\/em>) sind mir milch- und eifreie <a href=\"https:\/\/www.himbeergelb.ch\/?s=weggli\" data-type=\"URL\" data-id=\"https:\/\/www.himbeergelb.ch\/?s=weggli\">Weggli <\/a>gelungen. Mit <a href=\"https:\/\/www.ploetzblog.de\/\" data-type=\"URL\" data-id=\"https:\/\/www.ploetzblog.de\/\">Lutz Geisslers<\/a> B\u00fcchern (<em>Brot backen in Perfektion<\/em>) testete ich Teige mit sehr wenig Hefe und langen Garzeiten und dank Katharina Arrigoni (<a href=\"https:\/\/www.besondersgut.ch\/\" data-type=\"URL\" data-id=\"https:\/\/www.besondersgut.ch\/\">besondersgut.ch<\/a>, <em>Lieblingsbrote<\/em>) hat es sogar mit dem Sauerteig geklappt. B\u00fccher all dieser leidenschaftlichen Brotb\u00e4cker stehen bei mir in der K\u00fcche.&nbsp;<\/p>\n\n\n\n<p>Meine Freude f\u00fcr selbstgemachtes Brot hat allerdings D\u00e4mpfer erhalten. Den ersten, als wir bei unserem Sohn die Diagnose f\u00fcr eine Weizenallergie und etwas sp\u00e4ter die Diagnose f\u00fcr die <a href=\"https:\/\/www.himbeergelb.ch\/?p=342\" data-type=\"URL\" data-id=\"https:\/\/www.himbeergelb.ch\/?p=342\">Speiser\u00f6hrenentz\u00fcndung (EoE, eosinophile \u00d6sophagitis) <\/a>erhalten haben.&nbsp;<\/p>\n\n\n\n<blockquote class=\"wp-block-quote is-style-default\"><p>Das schlechte Gewissen meldet sich: Darf ich mit Freude Brot backen und geniessen, wenn mein Allergikerkind das nicht kann?<\/p><\/blockquote>\n\n\n\n<p>Dass wir alle immer dasselbe essen, ist bei so umfassenden Nahrungsmittelallergien schwierig. Deswegen machen wir immer wieder Kompromisse. Haben wir Lust auf Pasta, gibt es f\u00fcr unseren Sohn R\u00f6sti. Ich k\u00f6nnte auch glutenfreie Pasta machen, nur mag er die von der Konsistenz her nicht. Essen wir Brot, isst er seine Knusperschnittli (Blumenbrot).<\/p>\n\n\n\n<p>Nat\u00fcrlich habe ich schon zig Mal glutenfreies Brot gebacken &#8211; teilweise ist es sogar ganz gut gelungen. Nur hat es sich bisher nicht wirklich gelohnt. W\u00e4hrend Kuchen und Kekse mittlerweile prima gelingen, sind Brotteige, oder Teige mit Hefe doch noch nicht zufriedenstellend herausgekommen. Was auch der Grund ist, dass hier noch kein glutenfreies Brotrezept vorhanden ist.&nbsp;<\/p>\n\n\n\n<p>Ausschlaggebend daf\u00fcr, dass ich weiterhin selber Brot backe, ist wohl mitunter, dass es unserem Sohn nichts ausmacht. Ein weiterer Grund ist, dass wir anderen gutes Brot sehr zu sch\u00e4tzen wissen. So ist unser Haushalt obschon komplett milch- und nussfrei, nicht allergenfrei. Es gibt ab und zu ein Ei f\u00fcr die Nichtallergiker oder eben Brot aus Getreide. Auch deshalb, weil diese Allergene f\u00fcr ihn weniger gef\u00e4hrlich sind.<\/p>\n\n\n\n<p>Allerdings verwende ich f\u00fcr glutenfreie und glutenhaltige Teige immer separate Sch\u00fcsseln und K\u00fcchenger\u00e4te. Eine Kontamination soll m\u00f6glichst ausgeschlossen werden.<\/p>\n\n\n\n<p>So ist es wohl wie in anderen Familiengef\u00fcgen auch: Kompromisse finden, ohne dass jemand darunter leidet.&nbsp;<\/p>\n","protected":false},"excerpt":{"rendered":"<p>Bei Allergien gibt es keinen Mittelweg. Ist eine Allergie vorhanden muss das Allergen gemieden werden. Aber gilt das auch f\u00fcr den Rest der Familie? Ich backe unglaublich gerne Brot. Knuspriges, herrlich duftendes Brot frisch aus dem Ofen ist etwas Wunderbares!&nbsp;&#8230;<\/p>\n","protected":false},"author":1,"featured_media":1354,"comment_status":"open","ping_status":"open","sticky":false,"template":"","format":"standard","meta":{"_monsterinsights_skip_tracking":false,"_monsterinsights_sitenote_active":false,"_monsterinsights_sitenote_note":"","_monsterinsights_sitenote_category":0,"footnotes":""},"categories":[24,30],"tags":[70],"_links":{"self":[{"href":"https:\/\/www.himbeergelb.ch\/index.php?rest_route=\/wp\/v2\/posts\/1353"}],"collection":[{"href":"https:\/\/www.himbeergelb.ch\/index.php?rest_route=\/wp\/v2\/posts"}],"about":[{"href":"https:\/\/www.himbeergelb.ch\/index.php?rest_route=\/wp\/v2\/types\/post"}],"author":[{"embeddable":true,"href":"https:\/\/www.himbeergelb.ch\/index.php?rest_route=\/wp\/v2\/users\/1"}],"replies":[{"embeddable":true,"href":"https:\/\/www.himbeergelb.ch\/index.php?rest_route=%2Fwp%2Fv2%2Fcomments&post=1353"}],"version-history":[{"count":10,"href":"https:\/\/www.himbeergelb.ch\/index.php?rest_route=\/wp\/v2\/posts\/1353\/revisions"}],"predecessor-version":[{"id":1394,"href":"https:\/\/www.himbeergelb.ch\/index.php?rest_route=\/wp\/v2\/posts\/1353\/revisions\/1394"}],"wp:featuredmedia":[{"embeddable":true,"href":"https:\/\/www.himbeergelb.ch\/index.php?rest_route=\/wp\/v2\/media\/1354"}],"wp:attachment":[{"href":"https:\/\/www.himbeergelb.ch\/index.php?rest_route=%2Fwp%2Fv2%2Fmedia&parent=1353"}],"wp:term":[{"taxonomy":"category","embeddable":true,"href":"https:\/\/www.himbeergelb.ch\/index.php?rest_route=%2Fwp%2Fv2%2Fcategories&post=1353"},{"taxonomy":"post_tag","embeddable":true,"href":"https:\/\/www.himbeergelb.ch\/index.php?rest_route=%2Fwp%2Fv2%2Ftags&post=1353"}],"curies":[{"name":"wp","href":"https:\/\/api.w.org\/{rel}","templated":true}]}}