{"id":1301,"date":"2022-02-25T13:42:04","date_gmt":"2022-02-25T12:42:04","guid":{"rendered":"http:\/\/www.himbeergelb.ch\/?p=1301"},"modified":"2022-04-23T21:01:14","modified_gmt":"2022-04-23T19:01:14","slug":"himbeer-torte","status":"publish","type":"post","link":"https:\/\/www.himbeergelb.ch\/?p=1301","title":{"rendered":"Himbeer-Torte"},"content":{"rendered":"\n<p>Egal, was es zu feiern gibt &#8211; einen Geburtstag, die Liebe oder das Leben! Dieses fruchtig-s\u00fcsse Himbeert\u00f6rtchen mit knusprigem M\u00fcrbeteigboden passt perfekt. Ein Genuss f\u00fcr Augen und Gaumen!<\/p>\n\n\n\n<!--more-->\n\n\n\n<p>Inspiration f\u00fcr diese Torte war das wunderh\u00fcbsche Himbeer-Herzt\u00f6rtchen von <a href=\"https:\/\/lalasophiebackt.ch\/\">Lala Sophie<\/a>. Als ich dieses gesehen habe, wusste ich: Das muss ich auch probieren! Ihre Kreation f\u00fcr <a href=\"https:\/\/bakeria.ch\/mtsp.php?paID=144\">Bakeria <\/a>war zum Verlieben sch\u00f6n! Und erst noch mit Himbeeren &#8211; da ist der Fall klar! Seither habe ich das T\u00f6rtchen ein paar Mal gemacht und die Rezeptur immer wieder etwas angepasst, bis es f\u00fcr mich stimmig war. F\u00fcr den Boden habe ich einen grossen <a href=\"https:\/\/www.himbeergelb.ch\/?p=350\">Knusperli<\/a>-Keks gebacken, als fruchtige Cr\u00e8me einen Himbeer-Kokos-Pudding gemacht und als Topping ein fruchtiges Himbeergel\u00e9e. Je nach S\u00e4ure der Himbeeren braucht ihr mehr oder weniger Zucker.<\/p>\n\n\n\n<p>Bis auf das Gel\u00e9e ist die Torte vegan. Mit Agar Agar (veganes Geliermittel, das aus Algen gewonnen wird) komme ich leider nicht wirklich klar. Ich mag den Geschmack nicht und funktioniert hat es bisher nur m\u00e4ssig. Deswegen verwende ich f\u00fcr das Himbeergel\u00e9e klassische Gelatine. Ihr d\u00fcrft es aber gerne mit Agar Agar probieren und mir dann Bericht erstatten. \ud83d\ude09<\/p>\n\n\n\n<p>F\u00fcr die Dekoration hab ich gluten- und weizenfreie Zuckerstreusel, Frucht-Gel\u00e9e, Mini Marshmallows und Kokosraspel genommen.&nbsp;<\/p>\n\n\n\n<div style=\"height:20px\" aria-hidden=\"true\" class=\"wp-block-spacer\"><\/div>\n\n\n\n<p><strong>Zutaten<\/strong><\/p>\n\n\n\n<p><strong>F\u00fcr den Knusperkeks-Boden:<\/strong><\/p>\n\n\n\n<p><em>250 g glutenfreies Mehl:<\/em><\/p>\n\n\n\n<p>100 g Hafermehl<\/p>\n\n\n\n<p>50 g Maismehl<\/p>\n\n\n\n<p>50 g Tapiokast\u00e4rke<\/p>\n\n\n\n<p>20 g Erdmandelmehl<\/p>\n\n\n\n<p>20 g Braunhirsemehl<\/p>\n\n\n\n<p>10 g Maisst\u00e4rke<\/p>\n\n\n\n<p>50 g Zucker<\/p>\n\n\n\n<p>1 Prise Salz<\/p>\n\n\n\n<p>nach Belieben etwas Zitronenabrieb<\/p>\n\n\n\n<p>120 g Alsan bio (oder 80 g Sonnenblumen\u00f6l)<\/p>\n\n\n\n<p>2-3 EL Reisdrink (oder Wasser)<\/p>\n\n\n\n<div style=\"height:20px\" aria-hidden=\"true\" class=\"wp-block-spacer\"><\/div>\n\n\n\n<p><strong>F\u00fcr die Himbeer-Kokoscr\u00e8me:<\/strong><\/p>\n\n\n\n<p>300 g tiefgek\u00fchlte Himbeeren<\/p>\n\n\n\n<p>3-4 EL Puderzucker<\/p>\n\n\n\n<p>30 g Maisst\u00e4rke<\/p>\n\n\n\n<p>220 g Kokosmilch<\/p>\n\n\n\n<p>2-3 EL Zitronen- oder Limettensaft<\/p>\n\n\n\n<p><em>Notiz: f\u00fcr Pudding werden etwa 80 g Maisst\u00e4rke auf einen Liter Fl\u00fcssigkeit ben\u00f6tigt<\/em>.<\/p>\n\n\n\n<div style=\"height:20px\" aria-hidden=\"true\" class=\"wp-block-spacer\"><\/div>\n\n\n\n<p><strong>F\u00fcr das Himbeergel\u00e9e:<\/strong><\/p>\n\n\n\n<p>300 g tiefgek\u00fchlte Himbeeren<\/p>\n\n\n\n<p>2-3 EL Puderzucker<\/p>\n\n\n\n<p>3 Bl\u00e4tter Gelatine<\/p>\n\n\n\n<p>F\u00fcr die Deko ein paar sch\u00f6ne tiefgek\u00fchlte Himbeeren (oder frische, wenn&#8217;s die Saison erlaubt), Kokosraspel, Zuckerdekor, Mini Marshmallows, Frucht-Gel\u00e9e.<\/p>\n\n\n\n<div style=\"height:25px\" aria-hidden=\"true\" class=\"wp-block-spacer\"><\/div>\n\n\n\n<figure class=\"wp-block-image size-large is-resized\"><img loading=\"lazy\" decoding=\"async\" src=\"http:\/\/www.himbeergelb.ch\/wp-content\/uploads\/2022\/02\/DSC07352-1024x683.jpg\" alt=\"\" class=\"wp-image-1304\" width=\"473\" height=\"315\" srcset=\"https:\/\/www.himbeergelb.ch\/wp-content\/uploads\/2022\/02\/DSC07352-1024x683.jpg 1024w, https:\/\/www.himbeergelb.ch\/wp-content\/uploads\/2022\/02\/DSC07352-600x400.jpg 600w, https:\/\/www.himbeergelb.ch\/wp-content\/uploads\/2022\/02\/DSC07352-300x200.jpg 300w, https:\/\/www.himbeergelb.ch\/wp-content\/uploads\/2022\/02\/DSC07352.jpg 1500w\" sizes=\"(max-width: 473px) 100vw, 473px\" \/><\/figure>\n\n\n\n<p><strong>Zubereitung<\/strong><\/p>\n\n\n\n<p><strong>F\u00fcr den Boden:&nbsp;<\/strong><\/p>\n\n\n\n<ol><li>Alle Zutaten vermischen und mit der Hand in eine Form dr\u00fccken.&nbsp;<\/li><li>Den Ofen auf 175\u00b0C vorheizen und den Keksboden 15-20 Minuten knusprig backen.<\/li><li>Herausnehmen und ausk\u00fchlen lassen. Dabei in der Form lassen.<\/li><\/ol>\n\n\n\n<p><strong>F\u00fcr die Himbeer-Kokoscr\u00e8me:<\/strong><\/p>\n\n\n\n<ol><li>Die Himbeeren mit Puderzucker kurz aufkochen. Durch ein Sieb streichen. Das Pf\u00e4nnchen f\u00fcr das Himbeergel\u00e9e zur Seite stellen, denn dieser Schritt wiederholt sich.<\/li><li>Die Maisst\u00e4rke in der kalten Kokosmilch aufl\u00f6sen. Zu den warmen Himbeeren geben, gut umr\u00fchren. Probieren, ob die Cr\u00e8me genug s\u00fcss ist.<\/li><li>Kurz aufkochen bis die Masse eindickt. Nur so lange wie n\u00f6tig, sonst verliert die Himbeercr\u00e8me ihre sch\u00f6ne Farbe. Wenig Zitronen- oder Limettensaft dazu geben. Etwas abk\u00fchlen lassen, dann auf den Tortenboden geben und f\u00fcr etwa eine Stunde k\u00fchl stellen.<\/li><\/ol>\n\n\n\n<p><strong>F\u00fcr das Himbeergel\u00e9e:<\/strong><\/p>\n\n\n\n<ol><li>Die Himbeeren mit Puderzucker kurz aufkochen. Dann durch ein Sieb streichen.<\/li><li>3 Bl\u00e4tter Gelatine in kaltem Wasser einweichen.&nbsp;<\/li><li>Die Gelatinebl\u00e4tter vorsichtig ausdr\u00fccken und sofort unter die heisse Himbeermasse r\u00fchren.<\/li><li>Dieses Gel\u00e9e gleichm\u00e4ssig auf die Torte geben und wieder k\u00fchl stellen.<\/li><\/ol>\n\n\n\n<p>Zum Schluss nach Lust und Laune dekorieren und geniessen!<\/p>\n\n\n\n<div style=\"height:24px\" aria-hidden=\"true\" class=\"wp-block-spacer\"><\/div>\n\n\n\n<figure class=\"wp-block-image size-large is-resized\"><img loading=\"lazy\" decoding=\"async\" src=\"http:\/\/www.himbeergelb.ch\/wp-content\/uploads\/2022\/02\/DSC07344-683x1024.jpg\" alt=\"\" class=\"wp-image-1303\" width=\"443\" height=\"664\" srcset=\"https:\/\/www.himbeergelb.ch\/wp-content\/uploads\/2022\/02\/DSC07344-683x1024.jpg 683w, https:\/\/www.himbeergelb.ch\/wp-content\/uploads\/2022\/02\/DSC07344-600x900.jpg 600w, https:\/\/www.himbeergelb.ch\/wp-content\/uploads\/2022\/02\/DSC07344-200x300.jpg 200w, https:\/\/www.himbeergelb.ch\/wp-content\/uploads\/2022\/02\/DSC07344-400x600.jpg 400w, https:\/\/www.himbeergelb.ch\/wp-content\/uploads\/2022\/02\/DSC07344.jpg 1000w\" sizes=\"(max-width: 443px) 100vw, 443px\" \/><\/figure>\n\n\n\n<figure class=\"wp-block-image size-large is-resized\"><img loading=\"lazy\" decoding=\"async\" src=\"http:\/\/www.himbeergelb.ch\/wp-content\/uploads\/2022\/02\/DSC07363-683x1024.jpg\" alt=\"\" class=\"wp-image-1308\" width=\"444\" height=\"665\" srcset=\"https:\/\/www.himbeergelb.ch\/wp-content\/uploads\/2022\/02\/DSC07363-683x1024.jpg 683w, https:\/\/www.himbeergelb.ch\/wp-content\/uploads\/2022\/02\/DSC07363-600x900.jpg 600w, https:\/\/www.himbeergelb.ch\/wp-content\/uploads\/2022\/02\/DSC07363-200x300.jpg 200w, https:\/\/www.himbeergelb.ch\/wp-content\/uploads\/2022\/02\/DSC07363-400x600.jpg 400w, https:\/\/www.himbeergelb.ch\/wp-content\/uploads\/2022\/02\/DSC07363.jpg 1000w\" sizes=\"(max-width: 444px) 100vw, 444px\" \/><\/figure>\n\n\n\n<figure class=\"wp-block-image size-large is-resized\"><img loading=\"lazy\" decoding=\"async\" src=\"http:\/\/www.himbeergelb.ch\/wp-content\/uploads\/2022\/02\/DSC07371-683x1024.jpg\" alt=\"\" class=\"wp-image-1310\" width=\"440\" height=\"659\" srcset=\"https:\/\/www.himbeergelb.ch\/wp-content\/uploads\/2022\/02\/DSC07371-683x1024.jpg 683w, https:\/\/www.himbeergelb.ch\/wp-content\/uploads\/2022\/02\/DSC07371-600x900.jpg 600w, https:\/\/www.himbeergelb.ch\/wp-content\/uploads\/2022\/02\/DSC07371-200x300.jpg 200w, https:\/\/www.himbeergelb.ch\/wp-content\/uploads\/2022\/02\/DSC07371-400x600.jpg 400w, https:\/\/www.himbeergelb.ch\/wp-content\/uploads\/2022\/02\/DSC07371.jpg 1000w\" sizes=\"(max-width: 440px) 100vw, 440px\" \/><\/figure>\n\n\n\n<figure class=\"wp-block-image size-large is-resized\"><img loading=\"lazy\" decoding=\"async\" src=\"http:\/\/www.himbeergelb.ch\/wp-content\/uploads\/2022\/02\/Himbeertorte_DSC07375-683x1024.jpg\" alt=\"\" class=\"wp-image-1312\" width=\"444\" height=\"665\" srcset=\"https:\/\/www.himbeergelb.ch\/wp-content\/uploads\/2022\/02\/Himbeertorte_DSC07375-683x1024.jpg 683w, https:\/\/www.himbeergelb.ch\/wp-content\/uploads\/2022\/02\/Himbeertorte_DSC07375-600x900.jpg 600w, https:\/\/www.himbeergelb.ch\/wp-content\/uploads\/2022\/02\/Himbeertorte_DSC07375-200x300.jpg 200w, https:\/\/www.himbeergelb.ch\/wp-content\/uploads\/2022\/02\/Himbeertorte_DSC07375-400x600.jpg 400w, https:\/\/www.himbeergelb.ch\/wp-content\/uploads\/2022\/02\/Himbeertorte_DSC07375.jpg 1000w\" sizes=\"(max-width: 444px) 100vw, 444px\" \/><\/figure>\n","protected":false},"excerpt":{"rendered":"<p>Egal, was es zu feiern gibt &#8211; einen Geburtstag, die Liebe oder das Leben! Dieses fruchtig-s\u00fcsse Himbeert\u00f6rtchen mit knusprigem M\u00fcrbeteigboden passt perfekt. Ein Genuss f\u00fcr Augen und Gaumen!<\/p>\n","protected":false},"author":1,"featured_media":1302,"comment_status":"open","ping_status":"open","sticky":false,"template":"","format":"standard","meta":{"_monsterinsights_skip_tracking":false,"_monsterinsights_sitenote_active":false,"_monsterinsights_sitenote_note":"","_monsterinsights_sitenote_category":0,"footnotes":""},"categories":[30,4,20],"tags":[69,33,77,21,32,49],"_links":{"self":[{"href":"https:\/\/www.himbeergelb.ch\/index.php?rest_route=\/wp\/v2\/posts\/1301"}],"collection":[{"href":"https:\/\/www.himbeergelb.ch\/index.php?rest_route=\/wp\/v2\/posts"}],"about":[{"href":"https:\/\/www.himbeergelb.ch\/index.php?rest_route=\/wp\/v2\/types\/post"}],"author":[{"embeddable":true,"href":"https:\/\/www.himbeergelb.ch\/index.php?rest_route=\/wp\/v2\/users\/1"}],"replies":[{"embeddable":true,"href":"https:\/\/www.himbeergelb.ch\/index.php?rest_route=%2Fwp%2Fv2%2Fcomments&post=1301"}],"version-history":[{"count":9,"href":"https:\/\/www.himbeergelb.ch\/index.php?rest_route=\/wp\/v2\/posts\/1301\/revisions"}],"predecessor-version":[{"id":1369,"href":"https:\/\/www.himbeergelb.ch\/index.php?rest_route=\/wp\/v2\/posts\/1301\/revisions\/1369"}],"wp:featuredmedia":[{"embeddable":true,"href":"https:\/\/www.himbeergelb.ch\/index.php?rest_route=\/wp\/v2\/media\/1302"}],"wp:attachment":[{"href":"https:\/\/www.himbeergelb.ch\/index.php?rest_route=%2Fwp%2Fv2%2Fmedia&parent=1301"}],"wp:term":[{"taxonomy":"category","embeddable":true,"href":"https:\/\/www.himbeergelb.ch\/index.php?rest_route=%2Fwp%2Fv2%2Fcategories&post=1301"},{"taxonomy":"post_tag","embeddable":true,"href":"https:\/\/www.himbeergelb.ch\/index.php?rest_route=%2Fwp%2Fv2%2Ftags&post=1301"}],"curies":[{"name":"wp","href":"https:\/\/api.w.org\/{rel}","templated":true}]}}