{"id":1152,"date":"2021-12-01T17:35:09","date_gmt":"2021-12-01T16:35:09","guid":{"rendered":"http:\/\/www.himbeergelb.ch\/?p=1152"},"modified":"2022-01-08T17:39:25","modified_gmt":"2022-01-08T16:39:25","slug":"die-besten-weihnachtskekse","status":"publish","type":"post","link":"https:\/\/www.himbeergelb.ch\/?p=1152","title":{"rendered":"Die besten Weihnachtskekse"},"content":{"rendered":"\n<h2 class=\"wp-block-heading\">glutenfrei und vegan<\/h2>\n\n\n\n<p>Heureka! Es gibt ihn: den Weihnachtskeksteig, der sich problemlos auswallen l\u00e4sst und aus dem Sterne, Herzen oder Tannenb\u00e4ume ausgestochen werden k\u00f6nnen &#8211; und das alles ohne die 14 Hauptallergene.&nbsp;<\/p>\n\n\n\n<!--more-->\n\n\n\n<p>Adventszeit! Vorfreude auf Weihnachten. Alle Jahre wieder eine Herausforderung. Nicht nur essenstechnisch, auch mental. F\u00fcr mich sind mit dieser Zeit doch sehr genussvolle Kindheitserinnerungen verbunden, Traditionen, wie zusammen Guetzle oder N\u00fcsse knacken, die in unserer Familie so nicht vorkommen k\u00f6nnen.<\/p>\n\n\n\n<p>Grunds\u00e4tzlich ist das ja auch gar kein Problem. Es sind meine Erwartungen, die nicht erf\u00fcllt werden. Unsere Kinder kennen es gar nicht anders. Aber sie bekommen es sehr wohl mit, von ihren Gsp\u00e4ndli und Freunden. Und es ist ja nicht nur das gemeinsame Backen, sondern Weihnachtsguetzli an und f\u00fcr sich. Ich k\u00f6nnte auch ganz \u201cnormale\u201d Kekse backen, oder welche kaufen &#8211; aber dann m\u00fcsste ich meinem Sohn immer sagen, dass er keine davon essen darf, w\u00e4hrend alle anderen sie geniessen. F\u00fcr mich keine zufriedenstellende Vorstellung. Also habe ich es erneut gewagt, an einem Rezept zu t\u00fcfteln. Vor f\u00fcnf Jahren habe ich bereits ein veganes Rezept f\u00fcr <a href=\"https:\/\/www.himbeergelb.ch\/?p=197\">Spitzbuben<\/a> gemacht, damals allerdings nicht glutenfrei.<\/p>\n\n\n\n<p>Zuerst hatte ich eine sehr \u201cbuttrig\u201d, m\u00fcrbe Variante, die sehr feine Guetzli gab &#8211; allerdings war der Teig sehr heikel und f\u00fcr helfende Kinderh\u00e4nde nicht optimal. Also hab ich den Fettgehalt etwas reduziert und daf\u00fcr etwas Fl\u00fcssigkeit hinzugef\u00fcgt. Der Teig ist in der Handhabung nun kaum von normalem Teig zu unterscheiden.&nbsp;<\/p>\n\n\n\n<p>Ich mag die Kekse am liebsten mit Vanille oder Anis, aber auf jeden Fall mit einem aromatischen Gew\u00fcrz. Ohne schmecken die Kekse doch recht neutral. Nehmt dieses Rezept deswegen als ein Grundrezept, das ihr nach euren W\u00fcnschen verfeinern k\u00f6nnt: Ingwer, Kardamom, Zimt, Orangenschale, Zitronenschale, Anis, Kakao oder sogar kandierte Fr\u00fcchte eignen sich daf\u00fcr sehr gut.&nbsp;Letztere vielleicht eher als Topping.<\/p>\n\n\n\n<p>Auch unseren allseits beliebten Knusperlis haben wir ein bisschen Weihnachten eingehaucht und ein <a href=\"https:\/\/www.himbeergelb.ch\/?p=1161\" data-type=\"URL\" data-id=\"https:\/\/www.himbeergelb.ch\/?p=1161\">Weihnachts-Knusperli<\/a> daraus gemacht.<\/p>\n\n\n\n<p>Nun hoffe ich, dass nicht viele von euch auf Mais oder Reis allergisch sind! Sonst lasst es mich wissen \ud83d\ude09<\/p>\n\n\n\n<div style=\"height:25px\" aria-hidden=\"true\" class=\"wp-block-spacer\"><\/div>\n\n\n\n<p><strong>Zutaten <\/strong>(f\u00fcr zwei Backbleche voll Kekse)<\/p>\n\n\n\n<p><em>250 g helle glutenfreie Mehlmischung:<\/em><\/p>\n\n\n\n<p>60 g Kartoffelmehl<\/p>\n\n\n\n<p>60 g Maismehl<\/p>\n\n\n\n<p>60 g Maisst\u00e4rke<\/p>\n\n\n\n<p>50 g Reismehl hell<\/p>\n\n\n\n<p>20 g Tapiokast\u00e4rke (Maranta-Tapioka)<\/p>\n\n\n\n<p>1 TL Xanthan (1 TL pro 250g)<\/p>\n\n\n\n<p>90 g Puderzucker<\/p>\n\n\n\n<p>120 g Alsan bio (vegane Butter)<\/p>\n\n\n\n<p>1-2 EL Reisdrink (oder Wasser)<\/p>\n\n\n\n<p>1 Prise Salz<\/p>\n\n\n\n<p>1 TL Abrieb einer Bio-Zitrone<\/p>\n\n\n\n<p>Gew\u00fcrze nach Gusto: Vanille, Kardamom, Anis<\/p>\n\n\n\n<div style=\"height:25px\" aria-hidden=\"true\" class=\"wp-block-spacer\"><\/div>\n\n\n\n<p><strong>Zubereitung<\/strong><\/p>\n\n\n\n<ol><li>Alsan (Raumtemperatur) mit dem Puderzucker mit dem Handr\u00fchrger\u00e4t gut mischen. 1-2 EL Reisdrink dazu geben.<\/li><li>Die Mehlmischung unterr\u00fchren und zu einem Teig verkneten.<\/li><li>Teig einige Stunden k\u00fchl stellen. Geht gut auch \u00fcber Nacht.<\/li><li>Teig eine Stunde bei Raumtemperatur akklimatisieren lassen.<\/li><li>Auf einer bemehlten Unterlage (z.B. mit Kartoffelst\u00e4rke) den Teig ca. 5 mm dick auswallen. Ist der Teig zu br\u00f6selig, H\u00e4nde befeuchten und den Teig kneten, bis er geschmeidig weich ist.<\/li><li>Formen ausstechen und auf ein vorbereitetes Backblech legen.&nbsp;<\/li><li>Blech mit den Keksen 20-30 Minuten k\u00fchl stellen.<\/li><li>Ofen auf 180\u00b0C vorheizen.<\/li><li>Guetzli in der Mitte des Ofens 10-12 Minuten backen.<\/li><\/ol>\n","protected":false},"excerpt":{"rendered":"<p>glutenfrei und vegan Heureka! Es gibt ihn: den Weihnachtskeksteig, der sich problemlos auswallen l\u00e4sst und aus dem Sterne, Herzen oder Tannenb\u00e4ume ausgestochen werden k\u00f6nnen &#8211; und das alles ohne die 14 Hauptallergene.&nbsp;<\/p>\n","protected":false},"author":1,"featured_media":1154,"comment_status":"open","ping_status":"open","sticky":false,"template":"","format":"standard","meta":{"_monsterinsights_skip_tracking":false,"_monsterinsights_sitenote_active":false,"_monsterinsights_sitenote_note":"","_monsterinsights_sitenote_category":0,"footnotes":""},"categories":[4,20],"tags":[21,22,54,26],"_links":{"self":[{"href":"https:\/\/www.himbeergelb.ch\/index.php?rest_route=\/wp\/v2\/posts\/1152"}],"collection":[{"href":"https:\/\/www.himbeergelb.ch\/index.php?rest_route=\/wp\/v2\/posts"}],"about":[{"href":"https:\/\/www.himbeergelb.ch\/index.php?rest_route=\/wp\/v2\/types\/post"}],"author":[{"embeddable":true,"href":"https:\/\/www.himbeergelb.ch\/index.php?rest_route=\/wp\/v2\/users\/1"}],"replies":[{"embeddable":true,"href":"https:\/\/www.himbeergelb.ch\/index.php?rest_route=%2Fwp%2Fv2%2Fcomments&post=1152"}],"version-history":[{"count":5,"href":"https:\/\/www.himbeergelb.ch\/index.php?rest_route=\/wp\/v2\/posts\/1152\/revisions"}],"predecessor-version":[{"id":1225,"href":"https:\/\/www.himbeergelb.ch\/index.php?rest_route=\/wp\/v2\/posts\/1152\/revisions\/1225"}],"wp:featuredmedia":[{"embeddable":true,"href":"https:\/\/www.himbeergelb.ch\/index.php?rest_route=\/wp\/v2\/media\/1154"}],"wp:attachment":[{"href":"https:\/\/www.himbeergelb.ch\/index.php?rest_route=%2Fwp%2Fv2%2Fmedia&parent=1152"}],"wp:term":[{"taxonomy":"category","embeddable":true,"href":"https:\/\/www.himbeergelb.ch\/index.php?rest_route=%2Fwp%2Fv2%2Fcategories&post=1152"},{"taxonomy":"post_tag","embeddable":true,"href":"https:\/\/www.himbeergelb.ch\/index.php?rest_route=%2Fwp%2Fv2%2Ftags&post=1152"}],"curies":[{"name":"wp","href":"https:\/\/api.w.org\/{rel}","templated":true}]}}