{"id":1115,"date":"2021-09-18T13:38:18","date_gmt":"2021-09-18T11:38:18","guid":{"rendered":"http:\/\/www.himbeergelb.ch\/?p=1115"},"modified":"2021-09-18T22:26:07","modified_gmt":"2021-09-18T20:26:07","slug":"ins-klassenlager-mit-allergien","status":"publish","type":"post","link":"https:\/\/www.himbeergelb.ch\/?p=1115","title":{"rendered":"Ins Klassenlager mit Allergien"},"content":{"rendered":"\n<p>Seit ich erfahren habe, dass die Klasse meines Sohnes ins Lager f\u00e4hrt, war ich nerv\u00f6s. Seit jenem Zeitpunkt kreisten meine Gedanken immer wieder um die Machbarkeit, um ideale L\u00f6sungen, darum, das Risiko, dass er mit Allergenen in Kontakt kommen w\u00fcrde, m\u00f6glichst klein zu halten. Vor meinem geistigen Auge sass er bereits am langen Esstisch im Lagerhaus, neben ihm Kinder, die beim Essen mit Rahmsauce spritzten. Die beim Fr\u00fchst\u00fcck ihre Schoggimilch nicht nur in ihre Tassen sondern auch daneben gossen.&nbsp;<\/p>\n\n\n\n<!--more-->\n\n\n\n<p>Gl\u00fccklicherweise hat mein Sohn tolle, verst\u00e4ndnisvolle Klassenlehrerinnen und auch die Leiterin des Lagerhauses war \u00e4usserst entgegenkommend. Schon alleine diese Tatsache half mir, positiv an die Sache ranzugehen.&nbsp;<\/p>\n\n\n\n<div style=\"height:20px\" aria-hidden=\"true\" class=\"wp-block-spacer\"><\/div>\n\n\n\n<h2 class=\"wp-block-heading\"><strong>Klar kommunizieren und Abmachungen treffen<\/strong><\/h2>\n\n\n\n<p>Gemeinsam haben wir ausgemacht, dass ich unserem Sohn alle Mahlzeiten vorbereitet mitgeben w\u00fcrde. Und: W\u00e4hrend des Lagers w\u00fcrde konsequent auf fl\u00fcssige Milch verzichtet werden &#8211; zum Fr\u00fchst\u00fcck gab es stattdessen Haferdrink, Fruchtsaft und Tee. Unsere Allergologin st\u00e4rkte uns bei dieser Abmachung den R\u00fccken.<\/p>\n\n\n\n<p>Man kommt sich manchmal ein bisschen vor wie ein Spielverderber. Wir sind keine coolen, lockeren Eltern, wenn es darum geht, unseren Sohn vor allergischen Reaktionen zu bewahren. Ich vermute, so geht es aber allen Eltern von Allergikern.&nbsp;<\/p>\n\n\n\n<p>Wir wollten ihm erm\u00f6glichen, mit ins Klassenlager zu fahren. Nicht nochmals auf etwas verzichten zu m\u00fcssen.<\/p>\n\n\n\n<p>Es mussten also Mahlzeiten gefunden werden, die sich gut vorbereiten und dann vor Ort auch einfach wieder erhitzen liessen.<\/p>\n\n\n\n<div style=\"height:20px\" aria-hidden=\"true\" class=\"wp-block-spacer\"><\/div>\n\n\n\n<h2 class=\"wp-block-heading\"><strong>Zmorge, Zmittag, Znacht<\/strong><\/h2>\n\n\n\n<p>Das <em>Fr\u00fchst\u00fcck <\/em>war einfach: Blumenbrot (Pain des fleurs) in der gew\u00fcnschten Ausf\u00fchrung (bei uns Kakao) mit Alsan und Konfit\u00fcre (die kleinen, portionierten Konfit\u00fcren).<\/p>\n\n\n\n<p>Auch das <em>Mittagessen <\/em>war relativ schnell klar, da die Klasse oft unterwegs Sandwich essen w\u00fcrde. Auch hier Blumenbrot (in diesem Falle mit Zwiebeln), dazu abgepackter Salami und Lyoner. Zudem habe ich ihm selbstgemachte M\u00fcesliriegel mitgegeben und Fruchtbeutel. Zudem noch einen Cervelat, falls die Klasse mal br\u00e4teln gehen w\u00fcrde.<\/p>\n\n\n\n<p>Die Vorbereitung des <em>Abendessens <\/em>hat mich deutlich mehr Zeit gekostet. Denn es ging ja auch darum, wie es sich am besten aufbewahren und transportieren lassen w\u00fcrde. Am besten geeignet schien mir die Variante \u201cvakuumiert &amp; gefroren\u201d. Durch das Vakuumieren w\u00fcrde m\u00f6glichst wenig Histamin entstehen, auf das wir ebenfalls achten m\u00fcssen.<\/p>\n\n\n\n<div style=\"height:20px\" aria-hidden=\"true\" class=\"wp-block-spacer\"><\/div>\n\n\n\n<figure class=\"wp-block-image size-large is-resized\"><img loading=\"lazy\" decoding=\"async\" src=\"http:\/\/www.himbeergelb.ch\/wp-content\/uploads\/2021\/09\/01_Klassenlager_vorbereitung_allergiker_2IMG_2347.jpeg\" alt=\"\" class=\"wp-image-1117\" width=\"406\" height=\"542\" srcset=\"https:\/\/www.himbeergelb.ch\/wp-content\/uploads\/2021\/09\/01_Klassenlager_vorbereitung_allergiker_2IMG_2347.jpeg 768w, https:\/\/www.himbeergelb.ch\/wp-content\/uploads\/2021\/09\/01_Klassenlager_vorbereitung_allergiker_2IMG_2347-600x800.jpeg 600w, https:\/\/www.himbeergelb.ch\/wp-content\/uploads\/2021\/09\/01_Klassenlager_vorbereitung_allergiker_2IMG_2347-225x300.jpeg 225w\" sizes=\"(max-width: 406px) 100vw, 406px\" \/><figcaption><em>Viel \u00fcberlegt, skizziert, wieder verworfen und neu geplant.<\/em><\/figcaption><\/figure>\n\n\n\n<div style=\"height:20px\" aria-hidden=\"true\" class=\"wp-block-spacer\"><\/div>\n\n\n\n<p>Ich habe mich schliesslich f\u00fcr die Glasbeh\u00e4lter von Zwilling entschieden, die mit einer elektrischen Handpumpe einfach vakuumiert werden k\u00f6nnen. Zudem sind die Glasformen f\u00fcr den Tiefk\u00fchler geeignet, ebenso f\u00fcr die Mikrowelle und den Backofen.<\/p>\n\n\n\n<p>Eines der Lieblingsessen unseres Sohnes ist Kartoffelstock mit Gehacktem. Kartoffelstock l\u00e4sst sich leider nicht einfrieren, bzw. er wird dadurch grieselig und schmeckt nicht mehr gut. Also gab ich ihm dieses Men\u00fc f\u00fcr den ersten Abend zwar vakuumiert, aber nicht gefroren mit.&nbsp;<\/p>\n\n\n\n<p>F\u00fcr den zweiten Abend hat er sich ein Pack Fertigr\u00f6sti gew\u00fcnscht. Fragt mich nicht wieso, aber er wollte sie nicht gebraten, sondern direkt aus der Packung. Macht es nat\u00fcrlich einfacher. Sonst h\u00e4tte ich ihm gerne noch eine spurenfreie Bratpfanne eingepackt. <\/p>\n\n\n\n<p>F\u00fcr den dritten und vierten Abend habe ich Polenta, ged\u00fcnstete Karotten und Bolognese vorgekocht, vakuumiert und tiefgek\u00fchlt. Ich habe mit der netten Dame vom Lagerhaus besprochen, wie sie es am besten aufw\u00e4rmt (mit Folie abgedeckt im Ofen) und dass Geschirr und Besteck ebenfalls unbedingt spurenrein sein m\u00fcssen.<\/p>\n\n\n\n<p>Ja, ich h\u00e4tte mir etwas abwechslungsreichere Men\u00fcs gew\u00fcnscht. Aber so war es praktikabel, nahrhaft und Zuhause w\u00fcrde er wieder anderes zu essen bekommen.<\/p>\n\n\n\n<div style=\"height:20px\" aria-hidden=\"true\" class=\"wp-block-spacer\"><\/div>\n\n\n\n<div class=\"wp-block-image\"><figure class=\"alignleft size-large is-resized\"><img loading=\"lazy\" decoding=\"async\" src=\"http:\/\/www.himbeergelb.ch\/wp-content\/uploads\/2021\/09\/02_Klassenalger_vorkochen_2_IMG_2490-768x1024.jpg\" alt=\"\" class=\"wp-image-1119\" width=\"370\" height=\"493\" srcset=\"https:\/\/www.himbeergelb.ch\/wp-content\/uploads\/2021\/09\/02_Klassenalger_vorkochen_2_IMG_2490-768x1024.jpg 768w, https:\/\/www.himbeergelb.ch\/wp-content\/uploads\/2021\/09\/02_Klassenalger_vorkochen_2_IMG_2490-600x800.jpg 600w, https:\/\/www.himbeergelb.ch\/wp-content\/uploads\/2021\/09\/02_Klassenalger_vorkochen_2_IMG_2490-225x300.jpg 225w, https:\/\/www.himbeergelb.ch\/wp-content\/uploads\/2021\/09\/02_Klassenalger_vorkochen_2_IMG_2490.jpg 1125w\" sizes=\"(max-width: 370px) 100vw, 370px\" \/><figcaption><em>Ein Koch- und Backmarathon einen Tag vor der Abreise ins Lager.<\/em><\/figcaption><\/figure><\/div>\n\n\n\n<div style=\"height:20px\" aria-hidden=\"true\" class=\"wp-block-spacer\"><\/div>\n\n\n\n<figure class=\"wp-block-image size-large is-resized\"><img loading=\"lazy\" decoding=\"async\" src=\"http:\/\/www.himbeergelb.ch\/wp-content\/uploads\/2021\/09\/02_Klassenlager_vorkochen_1-1024x768.jpg\" alt=\"\" class=\"wp-image-1120\" width=\"466\" height=\"350\" srcset=\"https:\/\/www.himbeergelb.ch\/wp-content\/uploads\/2021\/09\/02_Klassenlager_vorkochen_1-1024x768.jpg 1024w, https:\/\/www.himbeergelb.ch\/wp-content\/uploads\/2021\/09\/02_Klassenlager_vorkochen_1-600x450.jpg 600w, https:\/\/www.himbeergelb.ch\/wp-content\/uploads\/2021\/09\/02_Klassenlager_vorkochen_1-300x225.jpg 300w, https:\/\/www.himbeergelb.ch\/wp-content\/uploads\/2021\/09\/02_Klassenlager_vorkochen_1.jpg 1500w\" sizes=\"(max-width: 466px) 100vw, 466px\" \/><figcaption><em>Glasbeh\u00e4lter, die sich f\u00fcr den Tiefk\u00fchler UND den Backofen eignen, sind ideal.<\/em><\/figcaption><\/figure>\n\n\n\n<figure class=\"wp-block-image size-large is-resized\"><img loading=\"lazy\" decoding=\"async\" src=\"http:\/\/www.himbeergelb.ch\/wp-content\/uploads\/2021\/09\/03_Klassenlager_vorbereitung_allergiker_IMG_2516-1024x649.jpg\" alt=\"\" class=\"wp-image-1121\" width=\"472\" height=\"299\" srcset=\"https:\/\/www.himbeergelb.ch\/wp-content\/uploads\/2021\/09\/03_Klassenlager_vorbereitung_allergiker_IMG_2516-1024x649.jpg 1024w, https:\/\/www.himbeergelb.ch\/wp-content\/uploads\/2021\/09\/03_Klassenlager_vorbereitung_allergiker_IMG_2516-600x380.jpg 600w, https:\/\/www.himbeergelb.ch\/wp-content\/uploads\/2021\/09\/03_Klassenlager_vorbereitung_allergiker_IMG_2516-300x190.jpg 300w, https:\/\/www.himbeergelb.ch\/wp-content\/uploads\/2021\/09\/03_Klassenlager_vorbereitung_allergiker_IMG_2516.jpg 1500w\" sizes=\"(max-width: 472px) 100vw, 472px\" \/><figcaption><em>Hauptsache machbar: Alles sauber abgepackt und beschriftet.<\/em> <em>(Zwei Mahlzeiten sind bereits im Tiefk\u00fchler.)<\/em><\/figcaption><\/figure>\n\n\n\n<div style=\"height:20px\" aria-hidden=\"true\" class=\"wp-block-spacer\"><\/div>\n\n\n\n<h2 class=\"wp-block-heading\"><strong>Loslassen<\/strong><\/h2>\n\n\n\n<p>Alles was gek\u00fchlt werden musste, gab ich in einer K\u00fchlbox mit Eiselementen mit, den Rest in einer Tasche. Zudem nahm er seinen Milbenschutz f\u00fcr die Matratze mit, was wir ebenfalls mit seinen Lehrerinnen so besprochen hatten. Und nat\u00fcrlich &#8211; wie immer &#8211; sein Notfallset.<\/p>\n\n\n\n<p>Dann liess ich ihn ziehen, und vertraute darauf, dass alles gut gehen w\u00fcrde. Ich hatte mein Bestes gegeben.<\/p>\n\n\n\n<p>Nachdem der erste Abend vorbei war &#8211; die Feuertaufe quasi -, konnte ich mehr und mehr entspannen. Trotzdem blieb ich nat\u00fcrlich die ganze Woche auf Empfang und w\u00e4re jederzeit erreichbar gewesen.<\/p>\n\n\n\n<p>Er hatte ein tolles Klassenlager, kam mit vielen guten Erfahrungen und Erlebnissen wieder nach Hause. Ich bin froh, durften wir das auf diese Art erleben und sind nun f\u00fcr weitere Abenteuer und Herausforderungen ger\u00fcstet!<\/p>\n\n\n\n<div style=\"height:20px\" aria-hidden=\"true\" class=\"wp-block-spacer\"><\/div>\n\n\n\n<figure class=\"wp-block-image size-large is-resized\"><img loading=\"lazy\" decoding=\"async\" src=\"http:\/\/www.himbeergelb.ch\/wp-content\/uploads\/2021\/09\/04_Klassenlager_notfallset_IMG_2496-768x1024.jpg\" alt=\"\" class=\"wp-image-1122\" width=\"404\" height=\"538\" srcset=\"https:\/\/www.himbeergelb.ch\/wp-content\/uploads\/2021\/09\/04_Klassenlager_notfallset_IMG_2496-768x1024.jpg 768w, https:\/\/www.himbeergelb.ch\/wp-content\/uploads\/2021\/09\/04_Klassenlager_notfallset_IMG_2496-600x800.jpg 600w, https:\/\/www.himbeergelb.ch\/wp-content\/uploads\/2021\/09\/04_Klassenlager_notfallset_IMG_2496-225x300.jpg 225w, https:\/\/www.himbeergelb.ch\/wp-content\/uploads\/2021\/09\/04_Klassenlager_notfallset_IMG_2496.jpg 1125w\" sizes=\"(max-width: 404px) 100vw, 404px\" \/><figcaption><em>Immer und \u00fcberall mit dabei: Das Notfallset inkl. Notfallplan.<\/em><\/figcaption><\/figure>\n\n\n\n<div style=\"height:41px\" aria-hidden=\"true\" class=\"wp-block-spacer\"><\/div>\n","protected":false},"excerpt":{"rendered":"<p>Seit ich erfahren habe, dass die Klasse meines Sohnes ins Lager f\u00e4hrt, war ich nerv\u00f6s. Seit jenem Zeitpunkt kreisten meine Gedanken immer wieder um die Machbarkeit, um ideale L\u00f6sungen, darum, das Risiko, dass er mit Allergenen in Kontakt kommen w\u00fcrde,&#8230;<\/p>\n","protected":false},"author":1,"featured_media":1127,"comment_status":"open","ping_status":"open","sticky":false,"template":"","format":"standard","meta":{"_monsterinsights_skip_tracking":false,"_monsterinsights_sitenote_active":false,"_monsterinsights_sitenote_note":"","_monsterinsights_sitenote_category":0,"footnotes":""},"categories":[24],"tags":[70],"_links":{"self":[{"href":"https:\/\/www.himbeergelb.ch\/index.php?rest_route=\/wp\/v2\/posts\/1115"}],"collection":[{"href":"https:\/\/www.himbeergelb.ch\/index.php?rest_route=\/wp\/v2\/posts"}],"about":[{"href":"https:\/\/www.himbeergelb.ch\/index.php?rest_route=\/wp\/v2\/types\/post"}],"author":[{"embeddable":true,"href":"https:\/\/www.himbeergelb.ch\/index.php?rest_route=\/wp\/v2\/users\/1"}],"replies":[{"embeddable":true,"href":"https:\/\/www.himbeergelb.ch\/index.php?rest_route=%2Fwp%2Fv2%2Fcomments&post=1115"}],"version-history":[{"count":11,"href":"https:\/\/www.himbeergelb.ch\/index.php?rest_route=\/wp\/v2\/posts\/1115\/revisions"}],"predecessor-version":[{"id":1136,"href":"https:\/\/www.himbeergelb.ch\/index.php?rest_route=\/wp\/v2\/posts\/1115\/revisions\/1136"}],"wp:featuredmedia":[{"embeddable":true,"href":"https:\/\/www.himbeergelb.ch\/index.php?rest_route=\/wp\/v2\/media\/1127"}],"wp:attachment":[{"href":"https:\/\/www.himbeergelb.ch\/index.php?rest_route=%2Fwp%2Fv2%2Fmedia&parent=1115"}],"wp:term":[{"taxonomy":"category","embeddable":true,"href":"https:\/\/www.himbeergelb.ch\/index.php?rest_route=%2Fwp%2Fv2%2Fcategories&post=1115"},{"taxonomy":"post_tag","embeddable":true,"href":"https:\/\/www.himbeergelb.ch\/index.php?rest_route=%2Fwp%2Fv2%2Ftags&post=1115"}],"curies":[{"name":"wp","href":"https:\/\/api.w.org\/{rel}","templated":true}]}}