{"id":1060,"date":"2021-06-02T14:03:07","date_gmt":"2021-06-02T12:03:07","guid":{"rendered":"http:\/\/www.himbeergelb.ch\/?p=1060"},"modified":"2022-08-07T14:11:03","modified_gmt":"2022-08-07T12:11:03","slug":"feiner-kartoffelsalat-mit-frischen-kraeutern","status":"publish","type":"post","link":"https:\/\/www.himbeergelb.ch\/?p=1060","title":{"rendered":"Feiner Kartoffelsalat mit frischen Kr\u00e4utern"},"content":{"rendered":"\n<p>Ein neues Familien-Lieblingsrezept: Fein gew\u00fcrfelte Kartoffeln mit vielen frischen Kr\u00e4utern ergeben eine besonders leckere, cr\u00e8mige Variante eines Kartoffelsalats. <\/p>\n\n\n\n<!--more-->\n\n\n\n<p>Kartoffelsalat l\u00e4sst sich sehr gut vorbereiten und eignet sich auch f\u00fcr ein Picknick. Deswegen mache ich auch gerne mal etwas mehr. Die Kartoffeln werden vor dem Kochen gesch\u00e4lt und geschnitten, daf\u00fcr brauchen sie dann etwas weniger Zeit zum garen. Dazu serviere ich fein gew\u00fcrfelte Cornichons und Radieschen, oder fein gehackte Fr\u00fchlingszwiebeln und weitere Zutaten, von denen sich alle nach Lust und Laune bedienen k\u00f6nnen. Kinderfreundlich und familientauglich!<\/p>\n\n\n\n<p>Weitere leckere Kartoffelsalat-Rezepte: <a href=\"https:\/\/www.himbeergelb.ch\/?p=513\" data-type=\"URL\" data-id=\"https:\/\/www.himbeergelb.ch\/?p=513\">Kartoffelsalat mit Kr\u00e4utern und Speck <\/a>und <a href=\"https:\/\/www.himbeergelb.ch\/?p=242\" data-type=\"URL\" data-id=\"https:\/\/www.himbeergelb.ch\/?p=242\">Klassischer Kartoffelsalat<\/a>.<\/p>\n\n\n\n<div style=\"height:30px\" aria-hidden=\"true\" class=\"wp-block-spacer\"><\/div>\n\n\n\n<p><strong>Zutaten<\/strong><\/p>\n\n\n\n<p>1 &#8211; 1.5 kg festkochende Kartoffeln<\/p>\n\n\n\n<p>ordentlich Dill, Schnittlauch, glatte Petersilie<\/p>\n\n\n\n<p>5-6 kleine Gew\u00fcrzgurken (Cornichons)<\/p>\n\n\n\n<p>nach Wunsch ein paar Radieschen (meine Kinder verzichten gerne darauf)<\/p>\n\n\n\n<p>Fr\u00fchlingszwiebeln, weitere Toppings<\/p>\n\n\n\n<p>1 EL Balsamico bianco (von Terra Verde)<\/p>\n\n\n\n<p>1 EL Senf<\/p>\n\n\n\n<p>Salz<\/p>\n\n\n\n<p>3 EL Raps\u00f6l<\/p>\n\n\n\n<div style=\"height:30px\" aria-hidden=\"true\" class=\"wp-block-spacer\"><\/div>\n\n\n\n<p><strong>Zubereitung<\/strong><\/p>\n\n\n\n<ol><li>Kartoffeln sch\u00e4len und in kleine W\u00fcrfel schneiden (ca. 1cm).<\/li><li>Kartoffeln in kochendem Wasser garen. Abgiessen und abtropfen lassen.<\/li><li>Unterdessen die Gew\u00fcrzgurken und allenfalls Radieschen ganz fein w\u00fcrfeln.<\/li><li>Die Kr\u00e4uter fein hacken.<\/li><li>F\u00fcr die Sauce den Balsamico bianco mit dem Senf mischen und salzen. Dann das \u00d6l dazugeben und gut mischen.<\/li><li>Alles mischen und bis zum Servieren k\u00fchl stellen.<\/li><\/ol>\n","protected":false},"excerpt":{"rendered":"<p>Ein neues Familien-Lieblingsrezept: Fein gew\u00fcrfelte Kartoffeln mit vielen frischen Kr\u00e4utern ergeben eine besonders leckere, cr\u00e8mige Variante eines Kartoffelsalats.<\/p>\n","protected":false},"author":1,"featured_media":1069,"comment_status":"open","ping_status":"open","sticky":false,"template":"","format":"standard","meta":{"_monsterinsights_skip_tracking":false,"_monsterinsights_sitenote_active":false,"_monsterinsights_sitenote_note":"","_monsterinsights_sitenote_category":0,"footnotes":""},"categories":[29,4,18],"tags":[33,21,80,84,32,22],"_links":{"self":[{"href":"https:\/\/www.himbeergelb.ch\/index.php?rest_route=\/wp\/v2\/posts\/1060"}],"collection":[{"href":"https:\/\/www.himbeergelb.ch\/index.php?rest_route=\/wp\/v2\/posts"}],"about":[{"href":"https:\/\/www.himbeergelb.ch\/index.php?rest_route=\/wp\/v2\/types\/post"}],"author":[{"embeddable":true,"href":"https:\/\/www.himbeergelb.ch\/index.php?rest_route=\/wp\/v2\/users\/1"}],"replies":[{"embeddable":true,"href":"https:\/\/www.himbeergelb.ch\/index.php?rest_route=%2Fwp%2Fv2%2Fcomments&post=1060"}],"version-history":[{"count":4,"href":"https:\/\/www.himbeergelb.ch\/index.php?rest_route=\/wp\/v2\/posts\/1060\/revisions"}],"predecessor-version":[{"id":1072,"href":"https:\/\/www.himbeergelb.ch\/index.php?rest_route=\/wp\/v2\/posts\/1060\/revisions\/1072"}],"wp:featuredmedia":[{"embeddable":true,"href":"https:\/\/www.himbeergelb.ch\/index.php?rest_route=\/wp\/v2\/media\/1069"}],"wp:attachment":[{"href":"https:\/\/www.himbeergelb.ch\/index.php?rest_route=%2Fwp%2Fv2%2Fmedia&parent=1060"}],"wp:term":[{"taxonomy":"category","embeddable":true,"href":"https:\/\/www.himbeergelb.ch\/index.php?rest_route=%2Fwp%2Fv2%2Fcategories&post=1060"},{"taxonomy":"post_tag","embeddable":true,"href":"https:\/\/www.himbeergelb.ch\/index.php?rest_route=%2Fwp%2Fv2%2Ftags&post=1060"}],"curies":[{"name":"wp","href":"https:\/\/api.w.org\/{rel}","templated":true}]}}